{"id":32414,"date":"2023-08-23T02:26:24","date_gmt":"2023-08-23T02:26:24","guid":{"rendered":"http:\/\/lahora.mx\/?p=32414"},"modified":"2023-08-31T02:27:36","modified_gmt":"2023-08-31T02:27:36","slug":"personal-del-congreso-del-estado-recibe-capacitacion-en-materia-electoral","status":"publish","type":"post","link":"https:\/\/lahora.mx\/index.php\/2023\/08\/23\/personal-del-congreso-del-estado-recibe-capacitacion-en-materia-electoral\/","title":{"rendered":"Personal del Congreso del Estado recibe capacitaci\u00f3n en materia electoral"},"content":{"rendered":"\n<p>El personal del Congreso del Estado de Puebla recibi\u00f3 capacitaci\u00f3n por parte del Instituto Electoral del Estado (IEE) para conocer detalles del proceso electoral y sus etapas; las precampa\u00f1as y campa\u00f1as; precandidaturas y candidaturas; denuncias e infracciones; procedimientos sancionadores ordinarios y especiales, as\u00ed como violencia pol\u00edtica de g\u00e9nero.<\/p>\n\n\n\n<p>Al dar la bienvenida a las y los asistentes, la Secretaria General del Congreso del Estado, Fernanda Godos Balderas expuso que la capacitaci\u00f3n es de orden institucional, para contar con herramientas que permitan hacer frente a diferentes requerimientos de los \u00f3rganos t\u00e9cnico-administrativos, adem\u00e1s, tener una actuaci\u00f3n responsable como servidoras y servidores p\u00fablicos.<\/p>\n\n\n\n<p>A la capacitaci\u00f3n asisti\u00f3 personal de la Direcci\u00f3n General de Asuntos Jur\u00eddicos, de Estudios y de Proyectos Legislativos; la Direcci\u00f3n General de Administraci\u00f3n y Finanzas; as\u00ed como la Direcci\u00f3n General de Comunicaci\u00f3n y Vinculaci\u00f3n.<\/p>\n\n\n\n<p>La presentaci\u00f3n de los diferentes temas estuvo a cargo de Jorge Ortega Pineda, secretario Ejecutivo del Instituto Electoral del Estado; Iris del Carmen Conde Serapio, titular de la Unidad T\u00e9cnica de Fiscalizaci\u00f3n; Claudia Elizabeth Rosas Ruiz, encargada de despacho de la Direcci\u00f3n Jur\u00eddica; Sa\u00fal S\u00e1nchez Mu\u00f1oz, director de Organizaci\u00f3n Electoral; y Joel Rojas Dur\u00e1n, encargado de despacho de la Direcci\u00f3n de Prerrogativas y Partidos Pol\u00edticos.<\/p>\n\n\n\n<p>Durante la capacitaci\u00f3n, tambi\u00e9n se dio un panorama general sobre la organizaci\u00f3n de la elecci\u00f3n, las fechas de inicio del proceso electoral, de precampa\u00f1as y de campa\u00f1as, la regulaci\u00f3n en materia electoral y las prohibiciones tanto para aspirantes y candidatos, como para servidores p\u00fablicos.<\/p>\n","protected":false},"excerpt":{"rendered":"<p>El personal del Congreso del Estado de Puebla recibi\u00f3 capacitaci\u00f3n por parte del Instituto Electoral del Estado (IEE) para conocer detalles del proceso electoral y sus etapas; las precampa\u00f1as y campa\u00f1as; precandidaturas y candidaturas; denuncias e infracciones; procedimientos sancionadores ordinarios y especiales, as\u00ed como violencia pol\u00edtica de g\u00e9nero. Al dar la bienvenida a las y [&hellip;]<\/p>\n","protected":false},"author":4,"featured_media":32415,"comment_status":"open","ping_status":"open","sticky":false,"template":"","format":"standard","meta":{"om_disable_all_campaigns":false,"_monsterinsights_skip_tracking":false,"_monsterinsights_sitenote_active":false,"_monsterinsights_sitenote_note":"","_monsterinsights_sitenote_category":0,"footnotes":""},"categories":[175],"tags":[227,223],"class_list":["post-32414","post","type-post","status-publish","format-standard","has-post-thumbnail","hentry","category-local","tag-congreso","tag-puebla"],"amp_enabled":true,"_links":{"self":[{"href":"https:\/\/lahora.mx\/index.php\/wp-json\/wp\/v2\/posts\/32414","targetHints":{"allow":["GET"]}}],"collection":[{"href":"https:\/\/lahora.mx\/index.php\/wp-json\/wp\/v2\/posts"}],"about":[{"href":"https:\/\/lahora.mx\/index.php\/wp-json\/wp\/v2\/types\/post"}],"author":[{"embeddable":true,"href":"https:\/\/lahora.mx\/index.php\/wp-json\/wp\/v2\/users\/4"}],"replies":[{"embeddable":true,"href":"https:\/\/lahora.mx\/index.php\/wp-json\/wp\/v2\/comments?post=32414"}],"version-history":[{"count":1,"href":"https:\/\/lahora.mx\/index.php\/wp-json\/wp\/v2\/posts\/32414\/revisions"}],"predecessor-version":[{"id":32416,"href":"https:\/\/lahora.mx\/index.php\/wp-json\/wp\/v2\/posts\/32414\/revisions\/32416"}],"wp:featuredmedia":[{"embeddable":true,"href":"https:\/\/lahora.mx\/index.php\/wp-json\/wp\/v2\/media\/32415"}],"wp:attachment":[{"href":"https:\/\/lahora.mx\/index.php\/wp-json\/wp\/v2\/media?parent=32414"}],"wp:term":[{"taxonomy":"category","embeddable":true,"href":"https:\/\/lahora.mx\/index.php\/wp-json\/wp\/v2\/categories?post=32414"},{"taxonomy":"post_tag","embeddable":true,"href":"https:\/\/lahora.mx\/index.php\/wp-json\/wp\/v2\/tags?post=32414"}],"curies":[{"name":"wp","href":"https:\/\/api.w.org\/{rel}","templated":true}]}}