{"id":32282,"date":"2023-08-30T00:53:00","date_gmt":"2023-08-30T00:53:00","guid":{"rendered":"http:\/\/lahora.mx\/?p=32282"},"modified":"2023-08-30T00:53:01","modified_gmt":"2023-08-30T00:53:01","slug":"anuncia-ayuntamiento-de-huamantla-entrega-de-boletos-para-festival-de-las-y-los-ninos","status":"publish","type":"post","link":"https:\/\/lahora.mx\/index.php\/2023\/08\/30\/anuncia-ayuntamiento-de-huamantla-entrega-de-boletos-para-festival-de-las-y-los-ninos\/","title":{"rendered":"Anuncia ayuntamiento de Huamantla entrega de boletos para festival de las y los ni\u00f1os"},"content":{"rendered":"\n<p>El H. Ayuntamiento de Huamantla que preside Salvador Santos Cedillo, en el marco de la Feria Internacional del Arte Ef\u00edmero y la Dalia 2023, informa que los d\u00edas 29 y 30 de agosto podr\u00e1n adquirir de manera gratuita los boletos para disfrutar del espect\u00e1culo infantil en el Foro del Artista con Los Me\u00f1iques de la Casa y el Mago Herrera.<\/p>\n\n\n\n<p>Estos pases ser\u00e1n entregados en el Museo de la Ciudad, junto a la Presidencia Municipal, en un horario de 10:00 a 16:00 horas; y en las oficinas de la Feria, al interior del Recinto Ferial, de 9:00 a 17:00 horas.<\/p>\n\n\n\n<p>Con grandes sorpresas y diversi\u00f3n para los peque\u00f1os del hogar, la Edici\u00f3n 149 de la Feria en Honor a la Virgen de La Caridad, concluye sus actividades logrando posicionarse como una de las mejores de la regi\u00f3n con eventos de gran calidad para toda la familia.<\/p>\n","protected":false},"excerpt":{"rendered":"<p>El H. Ayuntamiento de Huamantla que preside Salvador Santos Cedillo, en el marco de la Feria Internacional del Arte Ef\u00edmero y la Dalia 2023, informa que los d\u00edas 29 y 30 de agosto podr\u00e1n adquirir de manera gratuita los boletos para disfrutar del espect\u00e1culo infantil en el Foro del Artista con Los Me\u00f1iques de la [&hellip;]<\/p>\n","protected":false},"author":4,"featured_media":32283,"comment_status":"open","ping_status":"open","sticky":false,"template":"","format":"standard","meta":{"om_disable_all_campaigns":false,"_monsterinsights_skip_tracking":false,"_monsterinsights_sitenote_active":false,"_monsterinsights_sitenote_note":"","_monsterinsights_sitenote_category":0,"footnotes":""},"categories":[175],"tags":[223,210],"class_list":["post-32282","post","type-post","status-publish","format-standard","has-post-thumbnail","hentry","category-local","tag-puebla","tag-tlaxcala"],"amp_enabled":true,"_links":{"self":[{"href":"https:\/\/lahora.mx\/index.php\/wp-json\/wp\/v2\/posts\/32282","targetHints":{"allow":["GET"]}}],"collection":[{"href":"https:\/\/lahora.mx\/index.php\/wp-json\/wp\/v2\/posts"}],"about":[{"href":"https:\/\/lahora.mx\/index.php\/wp-json\/wp\/v2\/types\/post"}],"author":[{"embeddable":true,"href":"https:\/\/lahora.mx\/index.php\/wp-json\/wp\/v2\/users\/4"}],"replies":[{"embeddable":true,"href":"https:\/\/lahora.mx\/index.php\/wp-json\/wp\/v2\/comments?post=32282"}],"version-history":[{"count":1,"href":"https:\/\/lahora.mx\/index.php\/wp-json\/wp\/v2\/posts\/32282\/revisions"}],"predecessor-version":[{"id":32284,"href":"https:\/\/lahora.mx\/index.php\/wp-json\/wp\/v2\/posts\/32282\/revisions\/32284"}],"wp:featuredmedia":[{"embeddable":true,"href":"https:\/\/lahora.mx\/index.php\/wp-json\/wp\/v2\/media\/32283"}],"wp:attachment":[{"href":"https:\/\/lahora.mx\/index.php\/wp-json\/wp\/v2\/media?parent=32282"}],"wp:term":[{"taxonomy":"category","embeddable":true,"href":"https:\/\/lahora.mx\/index.php\/wp-json\/wp\/v2\/categories?post=32282"},{"taxonomy":"post_tag","embeddable":true,"href":"https:\/\/lahora.mx\/index.php\/wp-json\/wp\/v2\/tags?post=32282"}],"curies":[{"name":"wp","href":"https:\/\/api.w.org\/{rel}","templated":true}]}}