{"id":32276,"date":"2023-08-30T00:48:19","date_gmt":"2023-08-30T00:48:19","guid":{"rendered":"http:\/\/lahora.mx\/?p=32276"},"modified":"2023-08-30T00:48:19","modified_gmt":"2023-08-30T00:48:19","slug":"impulsan-iniciativa-para-incrementar-multas-y-penas-a-quien-cometa-el-delito-de-robo-de-vehiculo","status":"publish","type":"post","link":"https:\/\/lahora.mx\/index.php\/2023\/08\/30\/impulsan-iniciativa-para-incrementar-multas-y-penas-a-quien-cometa-el-delito-de-robo-de-vehiculo\/","title":{"rendered":"Impulsan iniciativa para incrementar multas y penas a quien cometa el delito de robo de veh\u00edculo"},"content":{"rendered":"\n<p>En sesi\u00f3n p\u00fablica, la Comisi\u00f3n Permanente de la LXI Legislatura del Congreso del Estado dio cuenta de la iniciativa del diputado Rafael Micalco M\u00e9ndez para reformar el C\u00f3digo Penal del Estado, con el prop\u00f3sito de incrementar las penas y multas para quienes cometan el delito de robo de veh\u00edculos de motor, as\u00ed como para las personas que se apoderen de la mercanc\u00eda o carga del transporte ferroviario, p\u00fablico o privado, sin consentimiento de quien legalmente puede disponer de los mismos.<\/p>\n\n\n\n<p>La propuesta legislativa establece que, si el objeto del robo es un veh\u00edculo de motor, como motocicletas, autom\u00f3viles, camiones, tractores u otros semejantes se impondr\u00e1 de ocho a catorce a\u00f1os de prisi\u00f3n y multa de mil a dos mil quinientas Unidades de Medida y Actualizaci\u00f3n.<\/p>\n\n\n\n<p>Asimismo, se impondr\u00e1 de cuatro a ocho a\u00f1os de prisi\u00f3n y multa de quinientas a dos mil Unidades de Medida y Actualizaci\u00f3n, a quien por cualquier medio utilizado se apodere de uno o varios instrumentos u objetos, que constituyan parte de la mercanc\u00eda o carga del transporte ferroviario, p\u00fablico o privado, sin consentimiento de quien legalmente puede disponer de los mismos.<\/p>\n\n\n\n<p>La iniciativa que pretende reformar las fracciones VI y VII del art\u00edculo 374 del C\u00f3digo Penal del Estado de Puebla, fue turnada a la Comisi\u00f3n de Procuraci\u00f3n y Administraci\u00f3n de Justicia para su an\u00e1lisis y dictaminaci\u00f3n procedente.<\/p>\n\n\n\n<p>SE PRESENTAN INICIATIVAS EN MATERIA DE PROCURACI\u00d3N DE JUSTICIA, GOBERNACI\u00d3N, CULTURA, GRUPOS VULNERABLES Y EDUCACI\u00d3N<br>Por otra parte, el diputado Eduardo Alc\u00e1ntara Montiel present\u00f3 una iniciativa para adicionar la Ley Org\u00e1nica del Poder Legislativo de Puebla, con el objetivo de establecer las reglas bajo las cuales debe darse el cabildeo, para una mejor transparencia y rendici\u00f3n de cuentas, equidad en la participaci\u00f3n, fortalecimiento de la democracia y la influencia en la formulaci\u00f3n de pol\u00edticas p\u00fablicas.<\/p>\n\n\n\n<p>La iniciativa fue turnada a la Comisi\u00f3n de Gobernaci\u00f3n y Puntos Constitucionales para su estudio y resoluci\u00f3n correspondiente.<\/p>\n\n\n\n<p>Asimismo, la diputada Azucena Rosas Tapia present\u00f3 una iniciativa para reformar la Ley sobre Protecci\u00f3n y Conservaci\u00f3n de Poblaciones T\u00edpicas y Bellezas Naturales del Estado de Puebla, con el objetivo de actualizar el nombre de la Secretar\u00eda de Educaci\u00f3n y, de este modo, se contribuya a disipar las dudas que pudieran generarse al respecto.<\/p>\n\n\n\n<p>La propuesta legislativa, que propone reformar la fracci\u00f3n III del art\u00edculo 44 de la Ley sobre Protecci\u00f3n y Conservaci\u00f3n de Poblaciones T\u00edpicas y Bellezas Naturales del Estado de Puebla, fue enviada a la Comisi\u00f3n de Cultura para su an\u00e1lisis y dictaminaci\u00f3n procedente.<\/p>\n\n\n\n<p>En m\u00e1s del orden del d\u00eda, la Comisi\u00f3n Permanente dio cuenta de la iniciativa de la diputada Eliana Ang\u00e9lica Cervantes Gonz\u00e1lez por la que se pretende reformar y adicionar el C\u00f3digo Penal del Estado, con la finalidad de aumentar las penas a quienes da\u00f1en, alteren, destruyan o modifiquen alguna se\u00f1alizaci\u00f3n, aparato, tecnolog\u00eda, instalaci\u00f3n o mobiliario de infraestructura vial destinada a la prestaci\u00f3n del servicio del sistema de transporte p\u00fablico masivo.<\/p>\n\n\n\n<p>Para este fin se propone reformar el art\u00edculo 187, el primer p\u00e1rrafo del 188 y el primer p\u00e1rrafo del 189; y adicionar la fracci\u00f3n IV al art\u00edculo 188 y la IV al 189 del C\u00f3digo Penal del Estado de Puebla.<\/p>\n\n\n\n<p>La propuesta legislativa fue enviada a la Comisi\u00f3n de Procuraci\u00f3n y Administraci\u00f3n de Justicia para su estudio y dictaminaci\u00f3n correspondiente.<\/p>\n\n\n\n<p>De igual manera, se dio cuenta de la iniciativa del diputado Jorge Estefan Chidiac para reformar los art\u00edculos 3 inciso b) y 4 inciso a) de la Ley de Resocializaci\u00f3n de los Infractores Normativos, con la finalidad de que las medidas y sanciones alternativas que establece la ley no sean aplicadas para los responsables de feminicidio.<\/p>\n\n\n\n<p>La iniciativa fue turnada a la Comisi\u00f3n de Procuraci\u00f3n y Administraci\u00f3n de Justicia para su an\u00e1lisis y resoluci\u00f3n procedente.<\/p>\n\n\n\n<p>IMPULSAN INICIATIVAS A FAVOR DE GRUPOS VULNERABLES, AS\u00cd COMO UN EXHORTO EN MATERIA EDUCATIVA<br>En Asuntos Generales la diputada Tonantzin Fern\u00e1ndez D\u00edaz present\u00f3 un par de iniciativas a favor de las personas adultas mayores. La primera para reformar el C\u00f3digo Civil con la finalidad de garantizar las relaciones personales de ni\u00f1as y ni\u00f1os con sus abuelos o abuelas; y la segunda en materia de capacitaci\u00f3n digital para las personas adultas mayores.<\/p>\n\n\n\n<p>Las iniciativas fueron turnadas a las Comisiones de Grupos Vulnerables, y la de Procuraci\u00f3n y Administraci\u00f3n de Justicia, para su estudio y dictaminaci\u00f3n correspondiente.<\/p>\n\n\n\n<p>Asimismo, la diputada M\u00f3nica Rodr\u00edguez Della Vecchia present\u00f3 un punto de acuerdo para exhortar a las Secretar\u00edas de Educaci\u00f3n, federal y estatal, para que no se realice la distribuci\u00f3n de los Libros de Texto Gratuitos, del Ciclo Escolar 2023-2024, con la finalidad de salvaguardar el inter\u00e9s superior de la ni\u00f1ez, ante el amparo promovido por la Uni\u00f3n Nacional de Padres de Familia.<\/p>\n\n\n\n<p>El exhorto fue turnado a la Comisi\u00f3n de Educaci\u00f3n para su an\u00e1lisis y resoluci\u00f3n procedente.<\/p>\n","protected":false},"excerpt":{"rendered":"<p>En sesi\u00f3n p\u00fablica, la Comisi\u00f3n Permanente de la LXI Legislatura del Congreso del Estado dio cuenta de la iniciativa del diputado Rafael Micalco M\u00e9ndez para reformar el C\u00f3digo Penal del Estado, con el prop\u00f3sito de incrementar las penas y multas para quienes cometan el delito de robo de veh\u00edculos de motor, as\u00ed como para las [&hellip;]<\/p>\n","protected":false},"author":4,"featured_media":32277,"comment_status":"open","ping_status":"open","sticky":false,"template":"","format":"standard","meta":{"om_disable_all_campaigns":false,"_monsterinsights_skip_tracking":false,"_monsterinsights_sitenote_active":false,"_monsterinsights_sitenote_note":"","_monsterinsights_sitenote_category":0,"footnotes":""},"categories":[175],"tags":[227,223],"class_list":["post-32276","post","type-post","status-publish","format-standard","has-post-thumbnail","hentry","category-local","tag-congreso","tag-puebla"],"amp_enabled":true,"_links":{"self":[{"href":"https:\/\/lahora.mx\/index.php\/wp-json\/wp\/v2\/posts\/32276","targetHints":{"allow":["GET"]}}],"collection":[{"href":"https:\/\/lahora.mx\/index.php\/wp-json\/wp\/v2\/posts"}],"about":[{"href":"https:\/\/lahora.mx\/index.php\/wp-json\/wp\/v2\/types\/post"}],"author":[{"embeddable":true,"href":"https:\/\/lahora.mx\/index.php\/wp-json\/wp\/v2\/users\/4"}],"replies":[{"embeddable":true,"href":"https:\/\/lahora.mx\/index.php\/wp-json\/wp\/v2\/comments?post=32276"}],"version-history":[{"count":1,"href":"https:\/\/lahora.mx\/index.php\/wp-json\/wp\/v2\/posts\/32276\/revisions"}],"predecessor-version":[{"id":32278,"href":"https:\/\/lahora.mx\/index.php\/wp-json\/wp\/v2\/posts\/32276\/revisions\/32278"}],"wp:featuredmedia":[{"embeddable":true,"href":"https:\/\/lahora.mx\/index.php\/wp-json\/wp\/v2\/media\/32277"}],"wp:attachment":[{"href":"https:\/\/lahora.mx\/index.php\/wp-json\/wp\/v2\/media?parent=32276"}],"wp:term":[{"taxonomy":"category","embeddable":true,"href":"https:\/\/lahora.mx\/index.php\/wp-json\/wp\/v2\/categories?post=32276"},{"taxonomy":"post_tag","embeddable":true,"href":"https:\/\/lahora.mx\/index.php\/wp-json\/wp\/v2\/tags?post=32276"}],"curies":[{"name":"wp","href":"https:\/\/api.w.org\/{rel}","templated":true}]}}