{"id":32272,"date":"2023-08-30T00:46:23","date_gmt":"2023-08-30T00:46:23","guid":{"rendered":"http:\/\/lahora.mx\/?p=32272"},"modified":"2023-08-30T00:57:15","modified_gmt":"2023-08-30T00:57:15","slug":"que-le-regresen-su-espacio-es-lo-que-pide-la-madre-de-menor-que-fallecio-por-caer-de-un-arbol","status":"publish","type":"post","link":"https:\/\/lahora.mx\/index.php\/2023\/08\/30\/que-le-regresen-su-espacio-es-lo-que-pide-la-madre-de-menor-que-fallecio-por-caer-de-un-arbol\/","title":{"rendered":"Madre de menor muerto pide le regresen su espacio. Ya hay respuesta del Ayto"},"content":{"rendered":"\n<p>Teresa Trejo, mam\u00e1 de Santiago, menor de 12 a\u00f1os que muri\u00f3 tras la ca\u00edda de un \u00e1rbol en la caseta de peri\u00f3dicos en la 5 de mayo hace un a\u00f1o, pidi\u00f3 al ayuntamiento que le devuelvan su espacio de trabajo, pues era su \u00fanico sustento, as\u00ed como se cumpla la reparaci\u00f3n del da\u00f1o.<\/p>\n\n\n\n<p>Tras esto, la mam\u00e1 del menor, acompa\u00f1ada de otros voceadores, se traslad\u00f3 al Palacio Municipal para entregar sus peticiones, a la par de que se mostraban pancartas con la foto de Santiago, quien ten\u00eda 12 a\u00f1os cuando ocurrieron los hechos y apenas hab\u00eda entrado a la secundaria.<br><br>En respuesta Lupita Arrubarrena, S\u00edndico Municipal, destac\u00f3 que desde los lamentables acontecimientos se brindaron apoyos y atenci\u00f3n a la Sra. Teresa, en material de salud, gastos funerarios y otros apoyos. No obstante, la familia decidi\u00f3 iniciar un proceso legal ante Sindicatura, que a\u00fan est\u00e1 en curso.<\/p>\n\n\n\n<p>En la reuni\u00f3n, la Sra. Teresa ingres\u00f3 acompa\u00f1ada de una abogada que no era representante legal; por lo tanto, se solicit\u00f3 una reuni\u00f3n con fecha, hora y lugar definidos en compa\u00f1\u00eda de su abogado oficial, estableciendo el 4 de septiembre a petici\u00f3n de ellos.<\/p>\n\n\n\n<p>La S\u00edndico aclar\u00f3 que el Ayuntamiento no es responsable de lo ocurrido, pero se est\u00e1 en disposici\u00f3n de apoyar en medida de las facultades y posibilidades.<\/p>\n","protected":false},"excerpt":{"rendered":"<p>Teresa Trejo, mam\u00e1 de Santiago, menor de 12 a\u00f1os que muri\u00f3 tras la ca\u00edda de un \u00e1rbol en la caseta de peri\u00f3dicos en la 5 de mayo hace un a\u00f1o, pidi\u00f3 al ayuntamiento que le devuelvan su espacio de trabajo, pues era su \u00fanico sustento, as\u00ed como se cumpla la reparaci\u00f3n del da\u00f1o. Tras esto, [&hellip;]<\/p>\n","protected":false},"author":4,"featured_media":32273,"comment_status":"open","ping_status":"open","sticky":false,"template":"","format":"standard","meta":{"om_disable_all_campaigns":false,"_monsterinsights_skip_tracking":false,"_monsterinsights_sitenote_active":false,"_monsterinsights_sitenote_note":"","_monsterinsights_sitenote_category":0,"footnotes":""},"categories":[175],"tags":[223],"class_list":["post-32272","post","type-post","status-publish","format-standard","has-post-thumbnail","hentry","category-local","tag-puebla"],"amp_enabled":true,"_links":{"self":[{"href":"https:\/\/lahora.mx\/index.php\/wp-json\/wp\/v2\/posts\/32272","targetHints":{"allow":["GET"]}}],"collection":[{"href":"https:\/\/lahora.mx\/index.php\/wp-json\/wp\/v2\/posts"}],"about":[{"href":"https:\/\/lahora.mx\/index.php\/wp-json\/wp\/v2\/types\/post"}],"author":[{"embeddable":true,"href":"https:\/\/lahora.mx\/index.php\/wp-json\/wp\/v2\/users\/4"}],"replies":[{"embeddable":true,"href":"https:\/\/lahora.mx\/index.php\/wp-json\/wp\/v2\/comments?post=32272"}],"version-history":[{"count":2,"href":"https:\/\/lahora.mx\/index.php\/wp-json\/wp\/v2\/posts\/32272\/revisions"}],"predecessor-version":[{"id":32289,"href":"https:\/\/lahora.mx\/index.php\/wp-json\/wp\/v2\/posts\/32272\/revisions\/32289"}],"wp:featuredmedia":[{"embeddable":true,"href":"https:\/\/lahora.mx\/index.php\/wp-json\/wp\/v2\/media\/32273"}],"wp:attachment":[{"href":"https:\/\/lahora.mx\/index.php\/wp-json\/wp\/v2\/media?parent=32272"}],"wp:term":[{"taxonomy":"category","embeddable":true,"href":"https:\/\/lahora.mx\/index.php\/wp-json\/wp\/v2\/categories?post=32272"},{"taxonomy":"post_tag","embeddable":true,"href":"https:\/\/lahora.mx\/index.php\/wp-json\/wp\/v2\/tags?post=32272"}],"curies":[{"name":"wp","href":"https:\/\/api.w.org\/{rel}","templated":true}]}}