{"id":32135,"date":"2023-08-28T01:56:59","date_gmt":"2023-08-28T01:56:59","guid":{"rendered":"http:\/\/lahora.mx\/?p=32135"},"modified":"2023-08-28T02:03:01","modified_gmt":"2023-08-28T02:03:01","slug":"iniciamos-el-camino-para-ganar-las-elecciones-de-2024-menciona-ebrard-al-cerrar-recorrido","status":"publish","type":"post","link":"https:\/\/lahora.mx\/index.php\/2023\/08\/28\/iniciamos-el-camino-para-ganar-las-elecciones-de-2024-menciona-ebrard-al-cerrar-recorrido\/","title":{"rendered":"Iniciamos el camino para ganar las elecciones de 2024 menciona Ebrard al cerrar recorrido"},"content":{"rendered":"\n<p>Con un lleno de la Arena Ciudad de M\u00e9xico, Marcelo Ebrard cerr\u00f3 sus recorridos por el pa\u00eds y asegur\u00f3 que ganar\u00e1 la encuesta de Morena que este lunes comenzar\u00e1 a levantarse.<\/p>\n\n\n\n<p>Dijo que el pr\u00f3ximo 6 de septiembre continuar\u00e1 la fiesta con su triunfo y subray\u00f3 varias veces que el pueblo \u00ablibre\u00bb lleg\u00f3 por sus propios medios a esta fiesta de cierre de etapa.<\/p>\n\n\n\n<p>Cerramos la etapa de trabajo, iniciamos el camino para ganar las elecciones de 2024 para que la cuarta transformaci\u00f3n siga en el siguiente nivel\u00bb dijo Ebrard Casaubon.<\/p>\n\n\n\n<p>El cierre estuvo amenizado por diversos grupos, entre ellos la Sonora Dinamita y la Sonora Santanera.<\/p>\n\n\n\n<p>Se inform\u00f3 que el ex canciller subir\u00e1 un mensaje en sus redes sociales por la noche de este domingo.<\/p>\n","protected":false},"excerpt":{"rendered":"<p>Con un lleno de la Arena Ciudad de M\u00e9xico, Marcelo Ebrard cerr\u00f3 sus recorridos por el pa\u00eds y asegur\u00f3 que ganar\u00e1 la encuesta de Morena que este lunes comenzar\u00e1 a levantarse. Dijo que el pr\u00f3ximo 6 de septiembre continuar\u00e1 la fiesta con su triunfo y subray\u00f3 varias veces que el pueblo \u00ablibre\u00bb lleg\u00f3 por sus [&hellip;]<\/p>\n","protected":false},"author":4,"featured_media":32136,"comment_status":"open","ping_status":"open","sticky":false,"template":"","format":"standard","meta":{"om_disable_all_campaigns":false,"_monsterinsights_skip_tracking":false,"_monsterinsights_sitenote_active":false,"_monsterinsights_sitenote_note":"","_monsterinsights_sitenote_category":0,"footnotes":""},"categories":[176,5],"tags":[128],"class_list":["post-32135","post","type-post","status-publish","format-standard","has-post-thumbnail","hentry","category-nacional","category-politica","tag-politics"],"amp_enabled":true,"_links":{"self":[{"href":"https:\/\/lahora.mx\/index.php\/wp-json\/wp\/v2\/posts\/32135","targetHints":{"allow":["GET"]}}],"collection":[{"href":"https:\/\/lahora.mx\/index.php\/wp-json\/wp\/v2\/posts"}],"about":[{"href":"https:\/\/lahora.mx\/index.php\/wp-json\/wp\/v2\/types\/post"}],"author":[{"embeddable":true,"href":"https:\/\/lahora.mx\/index.php\/wp-json\/wp\/v2\/users\/4"}],"replies":[{"embeddable":true,"href":"https:\/\/lahora.mx\/index.php\/wp-json\/wp\/v2\/comments?post=32135"}],"version-history":[{"count":1,"href":"https:\/\/lahora.mx\/index.php\/wp-json\/wp\/v2\/posts\/32135\/revisions"}],"predecessor-version":[{"id":32137,"href":"https:\/\/lahora.mx\/index.php\/wp-json\/wp\/v2\/posts\/32135\/revisions\/32137"}],"wp:featuredmedia":[{"embeddable":true,"href":"https:\/\/lahora.mx\/index.php\/wp-json\/wp\/v2\/media\/32136"}],"wp:attachment":[{"href":"https:\/\/lahora.mx\/index.php\/wp-json\/wp\/v2\/media?parent=32135"}],"wp:term":[{"taxonomy":"category","embeddable":true,"href":"https:\/\/lahora.mx\/index.php\/wp-json\/wp\/v2\/categories?post=32135"},{"taxonomy":"post_tag","embeddable":true,"href":"https:\/\/lahora.mx\/index.php\/wp-json\/wp\/v2\/tags?post=32135"}],"curies":[{"name":"wp","href":"https:\/\/api.w.org\/{rel}","templated":true}]}}