{"id":32126,"date":"2023-08-27T20:37:42","date_gmt":"2023-08-27T20:37:42","guid":{"rendered":"http:\/\/lahora.mx\/?p=32126"},"modified":"2023-08-27T20:37:43","modified_gmt":"2023-08-27T20:37:43","slug":"balaceras-bloqueos-e-incendios-en-tierra-caliente-y-uruapan-michoacan","status":"publish","type":"post","link":"https:\/\/lahora.mx\/index.php\/2023\/08\/27\/balaceras-bloqueos-e-incendios-en-tierra-caliente-y-uruapan-michoacan\/","title":{"rendered":"Balaceras, bloqueos e incendios en Tierra Caliente y Uruapan Michoacan"},"content":{"rendered":"\n<p>Una violenta jornada se registra la ma\u00f1ana de este domingo en la Tierra Caliente de Michoac\u00e1n, con la serie de bloqueos y balaceras que iniciaron en varios puntos del municipio de Buenavista, violencia que se extendi\u00f3 y alcanz\u00f3 el municipio de Apatzing\u00e1n y su zona urbana, as\u00ed como Uruapan.<\/p>\n\n\n\n<p>Antes de las 08:00 horas se report\u00f3 a las autoridades sobre el incendio de veh\u00edculos en los accesos de Apatzing\u00e1n, de forma simult\u00e1nea las detonaciones de armas de fuego en las colonias Bachilleres, L\u00e1zaro C\u00e1rdenas, y en las inmediaciones del Monumento a L\u00e1zaro C\u00e1rdenas.<\/p>\n\n\n\n<p>En este \u00faltimo punto fue incendiada una tienda de la cadena OXXO. Adem\u00e1s, en la avenida Joaqu\u00edn Amaro se report\u00f3 el ataque con bombas molotov a otro OXXO y una panificadora tambi\u00e9n fue incendiada en esta la jornada violenta.<\/p>\n\n\n\n<p>Ataques en Uruapan<br>Tras el tenso ambiente que se vive este domingo en la Tierra Caliente, los hechos violentos se extendieron a Uruapan.<\/p>\n\n\n\n<p>\u00bfQui\u00e9nes son \u2018Los Viagras\u2019, c\u00e1rtel que presuntamente amenaza a tortiller\u00edas en Michoac\u00e1n?<br>Ola de violencia que se ha desatado por los enfrentamientos entre los carteles como el CJNG y &#8216;Los Viagra&#8217;. (Cuartoscuro).<br>El municipio ha sido foco de delincuencia con la quema de una camioneta repartidora de productos de Barcel en las inmediaciones del bulevar Industrial. Adem\u00e1s, incendiaron una tienda OXXO que se ubica sobre la avenida Manuel P\u00e9rez Coronado.<\/p>\n\n\n\n<p>Al momento, bomberos de Uruapan y efectivos del Ej\u00e9rcito Mexicano se encuentran en las zonas de los incendios.<\/p>\n\n\n\n<p>Refuerzan GC, Sedena y GN seguridad en Tierra Caliente y Uruapan<br>El personal de la Guardia Civil, en coordinaci\u00f3n con el Ej\u00e9rcito y la Guardia Nacional (GN), se ha desplegado en los municipios de Apatzing\u00e1n y de Buenavista en la Tierra Caliente, as\u00ed como en Uruapan, donde esta ma\u00f1ana personas no identificadas realizaron actos il\u00edcitos.<\/p>\n\n\n\n<p>De acuerdo a un comunicado, los uniformados emprenden acciones respectivas para garantizar el libre tr\u00e1nsito y la seguridad en dichas regiones. Los guardias civiles y los militares est\u00e1n presentes en las carreteras de Apatzing\u00e1n-Tepalcatepec y Apatzing\u00e1n-Aguililla, donde hacen los trabajos conducentes para abrir la circulaci\u00f3n y vigilar el \u00e1rea para evitar situaciones delictivas.<\/p>\n\n\n\n<p>En la ciudad de Apatzing\u00e1n hay recorridos constantes y, en el lugar donde fue da\u00f1ada una tienda de conveniencia, se acudi\u00f3 al resguardo y apoyo de las corporaciones de rescate para atender el hecho. En el sitio no hubo personas lastimadas.<\/p>\n\n\n\n<p>Los elementos polic\u00edacos y militares tambi\u00e9n emprenden diversos patrullajes en otras vialidades, poblaciones y zonas de dif\u00edcil acceso de la regi\u00f3n de Tierra Caliente y al momento, no se han hallado indicios de supuestos enfrentamientos armados, tal como han asegurado publicaciones en las redes sociales.<\/p>\n\n\n\n<p>En Uruapan, donde fueron da\u00f1ados un veh\u00edculo comercial y una tienda de conveniencia, los elementos de las diversas corporaciones de seguridad tambi\u00e9n arribaron para apoyar a los bomberos y, de igual manera, no hay registro de gente herida.<\/p>\n","protected":false},"excerpt":{"rendered":"<p>Una violenta jornada se registra la ma\u00f1ana de este domingo en la Tierra Caliente de Michoac\u00e1n, con la serie de bloqueos y balaceras que iniciaron en varios puntos del municipio de Buenavista, violencia que se extendi\u00f3 y alcanz\u00f3 el municipio de Apatzing\u00e1n y su zona urbana, as\u00ed como Uruapan. Antes de las 08:00 horas se [&hellip;]<\/p>\n","protected":false},"author":4,"featured_media":32127,"comment_status":"open","ping_status":"open","sticky":false,"template":"","format":"standard","meta":{"om_disable_all_campaigns":false,"_monsterinsights_skip_tracking":false,"_monsterinsights_sitenote_active":false,"_monsterinsights_sitenote_note":"","_monsterinsights_sitenote_category":0,"footnotes":""},"categories":[176,226],"tags":[223],"class_list":["post-32126","post","type-post","status-publish","format-standard","has-post-thumbnail","hentry","category-nacional","category-policia","tag-puebla"],"amp_enabled":true,"_links":{"self":[{"href":"https:\/\/lahora.mx\/index.php\/wp-json\/wp\/v2\/posts\/32126","targetHints":{"allow":["GET"]}}],"collection":[{"href":"https:\/\/lahora.mx\/index.php\/wp-json\/wp\/v2\/posts"}],"about":[{"href":"https:\/\/lahora.mx\/index.php\/wp-json\/wp\/v2\/types\/post"}],"author":[{"embeddable":true,"href":"https:\/\/lahora.mx\/index.php\/wp-json\/wp\/v2\/users\/4"}],"replies":[{"embeddable":true,"href":"https:\/\/lahora.mx\/index.php\/wp-json\/wp\/v2\/comments?post=32126"}],"version-history":[{"count":1,"href":"https:\/\/lahora.mx\/index.php\/wp-json\/wp\/v2\/posts\/32126\/revisions"}],"predecessor-version":[{"id":32128,"href":"https:\/\/lahora.mx\/index.php\/wp-json\/wp\/v2\/posts\/32126\/revisions\/32128"}],"wp:featuredmedia":[{"embeddable":true,"href":"https:\/\/lahora.mx\/index.php\/wp-json\/wp\/v2\/media\/32127"}],"wp:attachment":[{"href":"https:\/\/lahora.mx\/index.php\/wp-json\/wp\/v2\/media?parent=32126"}],"wp:term":[{"taxonomy":"category","embeddable":true,"href":"https:\/\/lahora.mx\/index.php\/wp-json\/wp\/v2\/categories?post=32126"},{"taxonomy":"post_tag","embeddable":true,"href":"https:\/\/lahora.mx\/index.php\/wp-json\/wp\/v2\/tags?post=32126"}],"curies":[{"name":"wp","href":"https:\/\/api.w.org\/{rel}","templated":true}]}}