{"id":32050,"date":"2023-08-25T17:31:04","date_gmt":"2023-08-25T17:31:04","guid":{"rendered":"http:\/\/lahora.mx\/?p=32050"},"modified":"2023-08-25T17:31:04","modified_gmt":"2023-08-25T17:31:04","slug":"continua-el-misterio-de-paulina-camargo-a-ocho-anos-de-su-desaparicion","status":"publish","type":"post","link":"https:\/\/lahora.mx\/index.php\/2023\/08\/25\/continua-el-misterio-de-paulina-camargo-a-ocho-anos-de-su-desaparicion\/","title":{"rendered":"Contin\u00faa el misterio de Paulina Camargo  a ocho a\u00f1os de su desaparici\u00f3n"},"content":{"rendered":"\n<p>Han pasado ocho a\u00f1os de la desaparici\u00f3n de Paulina Camargo y a\u00fan sigue sin haber rastro alguno de su cuerpo, por lo que el misterio contin\u00faa. Cabe destacar que el fiscal general Gilberto Higuera Bernal reconoci\u00f3 que tienen una deuda con la familia de la joven.<\/p>\n\n\n\n<p>Este 25 de agosto se cumplen 8 a\u00f1os del lamentable caso de Paulina Camargo, la joven que desapareci\u00f3 en la ciudad de Puebla luego de que la \u00faltima vez que se le vio fue cuando abord\u00f3 un taxi y adem\u00e1s ella estaba esperando un beb\u00e9.<\/p>\n\n\n\n<p>En ese entonces Paulina ten\u00eda 19 a\u00f1os y 4 meses de embarazo, estaba con su novio Jos\u00e9 Mar\u00eda y al momento de tomar dicha unidad de transporte p\u00fablico desapareci\u00f3 como si la tierra se la hubiera tragado.<\/p>\n\n\n\n<p>Jos\u00e9 Mar\u00eda fue detenido y desde ese momento la Fiscal\u00eda realiz\u00f3 varios cateos en la unidad Habitacional La Margarita donde presuntamente el cuerpo de la joven estar\u00eda pero tampoco ha sido localizado.<\/p>\n\n\n\n<p>Despu\u00e9s de ese momento su familia y principalmente su madre han estado busc\u00e1ndola y hasta la fecha no han descansado pues han hecho recorridos e incluso se les ha visto en marchas en donde se exige la localizaci\u00f3n de personas desaparecidas as\u00ed como justicia por los feminicidios.<\/p>\n\n\n\n<p>Ante ello y a 8 a\u00f1os del caso, el titular de la Fiscal\u00eda General del Estado fue cuestionado acerca de c\u00f3mo van las investigaciones de la desaparici\u00f3n de la joven.<\/p>\n\n\n\n<p>Gilberto Higuera Bernal mencion\u00f3 que ese caso lo conoce muy bien y dijo que tienen una gran comunicaci\u00f3n con la familia de Paulina, tambi\u00e9n comparti\u00f3 qu\u00e9 este hecho se investiga como desaparici\u00f3n y tambi\u00e9n feminicidio.<\/p>\n\n\n\n<p>Dijo que tienen una deuda con la familia de Paulina y ellos no van a parar hasta encontrar a la joven.<\/p>\n","protected":false},"excerpt":{"rendered":"<p>Han pasado ocho a\u00f1os de la desaparici\u00f3n de Paulina Camargo y a\u00fan sigue sin haber rastro alguno de su cuerpo, por lo que el misterio contin\u00faa. Cabe destacar que el fiscal general Gilberto Higuera Bernal reconoci\u00f3 que tienen una deuda con la familia de la joven. Este 25 de agosto se cumplen 8 a\u00f1os del [&hellip;]<\/p>\n","protected":false},"author":4,"featured_media":32051,"comment_status":"open","ping_status":"open","sticky":false,"template":"","format":"standard","meta":{"om_disable_all_campaigns":false,"_monsterinsights_skip_tracking":false,"_monsterinsights_sitenote_active":false,"_monsterinsights_sitenote_note":"","_monsterinsights_sitenote_category":0,"footnotes":""},"categories":[176,226],"tags":[],"class_list":["post-32050","post","type-post","status-publish","format-standard","has-post-thumbnail","hentry","category-nacional","category-policia"],"amp_enabled":true,"_links":{"self":[{"href":"https:\/\/lahora.mx\/index.php\/wp-json\/wp\/v2\/posts\/32050","targetHints":{"allow":["GET"]}}],"collection":[{"href":"https:\/\/lahora.mx\/index.php\/wp-json\/wp\/v2\/posts"}],"about":[{"href":"https:\/\/lahora.mx\/index.php\/wp-json\/wp\/v2\/types\/post"}],"author":[{"embeddable":true,"href":"https:\/\/lahora.mx\/index.php\/wp-json\/wp\/v2\/users\/4"}],"replies":[{"embeddable":true,"href":"https:\/\/lahora.mx\/index.php\/wp-json\/wp\/v2\/comments?post=32050"}],"version-history":[{"count":1,"href":"https:\/\/lahora.mx\/index.php\/wp-json\/wp\/v2\/posts\/32050\/revisions"}],"predecessor-version":[{"id":32052,"href":"https:\/\/lahora.mx\/index.php\/wp-json\/wp\/v2\/posts\/32050\/revisions\/32052"}],"wp:featuredmedia":[{"embeddable":true,"href":"https:\/\/lahora.mx\/index.php\/wp-json\/wp\/v2\/media\/32051"}],"wp:attachment":[{"href":"https:\/\/lahora.mx\/index.php\/wp-json\/wp\/v2\/media?parent=32050"}],"wp:term":[{"taxonomy":"category","embeddable":true,"href":"https:\/\/lahora.mx\/index.php\/wp-json\/wp\/v2\/categories?post=32050"},{"taxonomy":"post_tag","embeddable":true,"href":"https:\/\/lahora.mx\/index.php\/wp-json\/wp\/v2\/tags?post=32050"}],"curies":[{"name":"wp","href":"https:\/\/api.w.org\/{rel}","templated":true}]}}