{"id":32028,"date":"2023-08-25T01:15:53","date_gmt":"2023-08-25T01:15:53","guid":{"rendered":"http:\/\/lahora.mx\/?p=32028"},"modified":"2023-08-25T01:15:53","modified_gmt":"2023-08-25T01:15:53","slug":"la-gobernadora-lorena-cuellar-recupera-predio-que-se-convertira-en-central-de-abasto-en-huamantla","status":"publish","type":"post","link":"https:\/\/lahora.mx\/index.php\/2023\/08\/25\/la-gobernadora-lorena-cuellar-recupera-predio-que-se-convertira-en-central-de-abasto-en-huamantla\/","title":{"rendered":"La gobernadora Lorena Cu\u00e9llar recupera predio que se convertir\u00e1 en Central de Abasto en Huamantla"},"content":{"rendered":"\n<p>Mediante un proceso de gestiones por fin se cristaliz\u00f3 la donaci\u00f3n de un importante predio en el municipio de Huamantla, el cual ser\u00e1 rehabilitada en su totalidad para concretar la construcci\u00f3n de las centrales de Abasto y Camionera que detonar\u00e1n la econom\u00eda de la regi\u00f3n oriente de la entidad.<\/p>\n\n\n\n<p>Esto fue posible con el esfuerzo del Gobierno del Estado y el poder Ejecutivo Federal a trav\u00e9s del Instituto Para Devolver al Pueblo lo Robado (INDEP).<\/p>\n\n\n\n<p>El terreno ya cuenta con infraestructura que ser\u00e1 rehabilitada en su totalidad para concretar la construcci\u00f3n de las centrales de Abastos y Camionera que detonar\u00e1n la econom\u00eda de la regi\u00f3n oriente de la entidad.<\/p>\n\n\n\n<p>Fueron la mandataria estatal, Lorena Cu\u00e9llar Cisneros, y el titular del INDEP, Ernesto Prieto Ortega, quienes formalizaron el acto protocolario ante el notario n\u00famero 2 de Huamantla, Alejandro Moreno Morales para que, ya con escrituras en mano, se hiciera el compromiso de prever la inversi\u00f3n necesaria y retomar el proyecto en el que confluyan comerciantes, productores del campo y emprendedores.<\/p>\n\n\n\n<p>Hace 27 a\u00f1os se comenz\u00f3 la edificaci\u00f3n de un tianguis y una estaci\u00f3n de autobuses en ese lugar ubicado en el pueblo de Ignacio Zaragoza, el cual qued\u00f3 truncado y sin utilidad p\u00fablica, lo que gener\u00f3 un litigio que por fin fue destrabado en la presente administraci\u00f3n.<\/p>\n\n\n\n<p>En el acto, Cu\u00e9llar Cisneros celebr\u00f3 ese acto de justicia para el pueblo de Huamantla, pues con ese proyecto de gran alcance se garantizar\u00e1n mejores prestaciones de servicios p\u00fablicos locales que favorecer\u00e1n el crecimiento de las actividades econ\u00f3micas y la generaci\u00f3n de empleos, entre otros beneficios.<\/p>\n\n\n\n<p>\u201cEmpiezo agradeciendo al presidente L\u00f3pez Obrador porque dio su palabra a Tlaxcala de devolver ese espacio a los huamantlecos.<\/p>\n\n\n\n<p>Aprvech\u00f3 para anunciar que \u201cestamos a d\u00edas\u201d de iniciar los trabajos del centro de distribuci\u00f3n de mercanc\u00edas m\u00e1s grande de Am\u00e9rica Latina de la corporaci\u00f3n multinacional Wal Mart, que estar\u00e1 en Huamantla, lo que igualmente impulsar\u00e1 la econom\u00eda de la regi\u00f3n y el bienestar social de los huamantlecos.<\/p>\n","protected":false},"excerpt":{"rendered":"<p>Mediante un proceso de gestiones por fin se cristaliz\u00f3 la donaci\u00f3n de un importante predio en el municipio de Huamantla, el cual ser\u00e1 rehabilitada en su totalidad para concretar la construcci\u00f3n de las centrales de Abasto y Camionera que detonar\u00e1n la econom\u00eda de la regi\u00f3n oriente de la entidad. Esto fue posible con el esfuerzo [&hellip;]<\/p>\n","protected":false},"author":4,"featured_media":32029,"comment_status":"open","ping_status":"open","sticky":false,"template":"","format":"standard","meta":{"om_disable_all_campaigns":false,"_monsterinsights_skip_tracking":false,"_monsterinsights_sitenote_active":false,"_monsterinsights_sitenote_note":"","_monsterinsights_sitenote_category":0,"footnotes":""},"categories":[175],"tags":[223,210],"class_list":["post-32028","post","type-post","status-publish","format-standard","has-post-thumbnail","hentry","category-local","tag-puebla","tag-tlaxcala"],"amp_enabled":true,"_links":{"self":[{"href":"https:\/\/lahora.mx\/index.php\/wp-json\/wp\/v2\/posts\/32028","targetHints":{"allow":["GET"]}}],"collection":[{"href":"https:\/\/lahora.mx\/index.php\/wp-json\/wp\/v2\/posts"}],"about":[{"href":"https:\/\/lahora.mx\/index.php\/wp-json\/wp\/v2\/types\/post"}],"author":[{"embeddable":true,"href":"https:\/\/lahora.mx\/index.php\/wp-json\/wp\/v2\/users\/4"}],"replies":[{"embeddable":true,"href":"https:\/\/lahora.mx\/index.php\/wp-json\/wp\/v2\/comments?post=32028"}],"version-history":[{"count":1,"href":"https:\/\/lahora.mx\/index.php\/wp-json\/wp\/v2\/posts\/32028\/revisions"}],"predecessor-version":[{"id":32030,"href":"https:\/\/lahora.mx\/index.php\/wp-json\/wp\/v2\/posts\/32028\/revisions\/32030"}],"wp:featuredmedia":[{"embeddable":true,"href":"https:\/\/lahora.mx\/index.php\/wp-json\/wp\/v2\/media\/32029"}],"wp:attachment":[{"href":"https:\/\/lahora.mx\/index.php\/wp-json\/wp\/v2\/media?parent=32028"}],"wp:term":[{"taxonomy":"category","embeddable":true,"href":"https:\/\/lahora.mx\/index.php\/wp-json\/wp\/v2\/categories?post=32028"},{"taxonomy":"post_tag","embeddable":true,"href":"https:\/\/lahora.mx\/index.php\/wp-json\/wp\/v2\/tags?post=32028"}],"curies":[{"name":"wp","href":"https:\/\/api.w.org\/{rel}","templated":true}]}}