{"id":31992,"date":"2023-08-24T23:43:36","date_gmt":"2023-08-24T23:43:36","guid":{"rendered":"http:\/\/lahora.mx\/?p=31992"},"modified":"2023-08-24T23:43:36","modified_gmt":"2023-08-24T23:43:36","slug":"otro-intento-de-asalto-en-las-cumbres-de-maltrata","status":"publish","type":"post","link":"https:\/\/lahora.mx\/index.php\/2023\/08\/24\/otro-intento-de-asalto-en-las-cumbres-de-maltrata\/","title":{"rendered":"Otro intento de asalto en las Cumbres de Maltrata"},"content":{"rendered":"\n<p>Un video compartido por un transportista alerta sobre la presencia de individuos armados en la autopista M\u00e9xico-Veracruz, cerca de las Cumbres de Maltrata, envueltos en la densa niebla del \u00e1rea.<\/p>\n\n\n\n<p>\u00abCuatro sujetos intentaron asaltarme, portaban armas largas. Es una experiencia desagradable\u00bb, comparte el conductor mientras enfoca a una persona que corre entre la niebla con aparente arma.<\/p>\n\n\n\n<p>Se desconoce si el incidente registrado en el video fue reportado a las autoridades. Lamentablemente, los asaltos y robos son recurrentes para los conductores de veh\u00edculos de transporte y ligeros en esta ruta.<\/p>\n\n\n\n<p>Esta \u00e1rea ha sido identificada por empresarios del transporte de carga como un punto cr\u00edtico para el sector desde hace varios a\u00f1os.<\/p>\n","protected":false},"excerpt":{"rendered":"<p>Un video compartido por un transportista alerta sobre la presencia de individuos armados en la autopista M\u00e9xico-Veracruz, cerca de las Cumbres de Maltrata, envueltos en la densa niebla del \u00e1rea. \u00abCuatro sujetos intentaron asaltarme, portaban armas largas. Es una experiencia desagradable\u00bb, comparte el conductor mientras enfoca a una persona que corre entre la niebla con [&hellip;]<\/p>\n","protected":false},"author":4,"featured_media":31993,"comment_status":"open","ping_status":"open","sticky":false,"template":"","format":"standard","meta":{"om_disable_all_campaigns":false,"_monsterinsights_skip_tracking":false,"_monsterinsights_sitenote_active":false,"_monsterinsights_sitenote_note":"","_monsterinsights_sitenote_category":0,"footnotes":""},"categories":[175],"tags":[223],"class_list":["post-31992","post","type-post","status-publish","format-standard","has-post-thumbnail","hentry","category-local","tag-puebla"],"amp_enabled":true,"_links":{"self":[{"href":"https:\/\/lahora.mx\/index.php\/wp-json\/wp\/v2\/posts\/31992","targetHints":{"allow":["GET"]}}],"collection":[{"href":"https:\/\/lahora.mx\/index.php\/wp-json\/wp\/v2\/posts"}],"about":[{"href":"https:\/\/lahora.mx\/index.php\/wp-json\/wp\/v2\/types\/post"}],"author":[{"embeddable":true,"href":"https:\/\/lahora.mx\/index.php\/wp-json\/wp\/v2\/users\/4"}],"replies":[{"embeddable":true,"href":"https:\/\/lahora.mx\/index.php\/wp-json\/wp\/v2\/comments?post=31992"}],"version-history":[{"count":1,"href":"https:\/\/lahora.mx\/index.php\/wp-json\/wp\/v2\/posts\/31992\/revisions"}],"predecessor-version":[{"id":31994,"href":"https:\/\/lahora.mx\/index.php\/wp-json\/wp\/v2\/posts\/31992\/revisions\/31994"}],"wp:featuredmedia":[{"embeddable":true,"href":"https:\/\/lahora.mx\/index.php\/wp-json\/wp\/v2\/media\/31993"}],"wp:attachment":[{"href":"https:\/\/lahora.mx\/index.php\/wp-json\/wp\/v2\/media?parent=31992"}],"wp:term":[{"taxonomy":"category","embeddable":true,"href":"https:\/\/lahora.mx\/index.php\/wp-json\/wp\/v2\/categories?post=31992"},{"taxonomy":"post_tag","embeddable":true,"href":"https:\/\/lahora.mx\/index.php\/wp-json\/wp\/v2\/tags?post=31992"}],"curies":[{"name":"wp","href":"https:\/\/api.w.org\/{rel}","templated":true}]}}