{"id":31984,"date":"2023-08-24T22:56:59","date_gmt":"2023-08-24T22:56:59","guid":{"rendered":"http:\/\/lahora.mx\/?p=31984"},"modified":"2023-08-24T22:56:59","modified_gmt":"2023-08-24T22:56:59","slug":"reabre-sedif-alberca-de-casa-del-abue","status":"publish","type":"post","link":"https:\/\/lahora.mx\/index.php\/2023\/08\/24\/reabre-sedif-alberca-de-casa-del-abue\/","title":{"rendered":"Reabre SEDIF alberca de \u201cCasa del Abue\u201d"},"content":{"rendered":"\n<p>El gobierno presente de Sergio Salom\u00f3n, mediante el Sistema Estatal DIF (SEDIF) que encabeza la presidenta honoraria del Patronato, Gaby Bonilla, puso nuevamente en servicio la alberca del Centro de Gerontolog\u00eda \u201cCasa del Abue\u201d, como parte de la atenci\u00f3n de calidad que brinda a las personas adultas mayores.<\/p>\n\n\n\n<p>Con esta acci\u00f3n, el organismo beneficiar\u00e1 mensualmente a 360 personas adultas mayores con terapias de rehabilitaci\u00f3n a trav\u00e9s del \u00e1rea de fisiatr\u00eda; de igual manera, las y los asistentes al centro gerontogeri\u00e1trico podr\u00e1n hacer uso de la piscina para mejorar su salud, tonificaci\u00f3n muscular, circulaci\u00f3n vascular y respiraci\u00f3n.<\/p>\n\n\n\n<p>En el acto protocolario, Gaby Bonilla agradeci\u00f3 a las y los presentes por formar parte de la comunidad de \u201cCasa del Abue\u201d, caracterizada por el cari\u00f1o y el cuidado que ofrece a quienes reciben servicios y participan en las actividades. Afirm\u00f3 que cuidar a las y los adultos mayores es un acto de amor y gratitud que enriquece la vida.<\/p>\n\n\n\n<figure class=\"wp-block-image size-full\"><img fetchpriority=\"high\" decoding=\"async\" width=\"810\" height=\"538\" src=\"https:\/\/lahora.mx\/wp-content\/uploads\/2023\/08\/Captura-de-pantalla-2023-08-24-a-las-16.38.41-1.png\" alt=\"\" class=\"wp-image-31987\" srcset=\"https:\/\/lahora.mx\/wp-content\/uploads\/2023\/08\/Captura-de-pantalla-2023-08-24-a-las-16.38.41-1.png 810w, https:\/\/lahora.mx\/wp-content\/uploads\/2023\/08\/Captura-de-pantalla-2023-08-24-a-las-16.38.41-1-300x199.png 300w, https:\/\/lahora.mx\/wp-content\/uploads\/2023\/08\/Captura-de-pantalla-2023-08-24-a-las-16.38.41-1-768x510.png 768w\" sizes=\"(max-width: 810px) 100vw, 810px\" \/><\/figure>\n\n\n\n<p>Este organismo invita a quienes tengan m\u00e1s de 60 a\u00f1os a conocer las actividades y servicios del Centro de Gerontolog\u00eda, ubicado en la 11 norte 1810, colonia El Tamborcito en la capital poblana; para m\u00e1s informes, llamar a los n\u00fameros telef\u00f3nicos (222) 242 31 03 y (222) 242 31 45.<\/p>\n\n\n\n<p>Es as\u00ed como el SEDIF mejora la calidad de vida de la poblaci\u00f3n de la tercera edad, al ofrecer herramientas necesarias para tener un envejecimiento saludable y activo.<\/p>\n","protected":false},"excerpt":{"rendered":"<p>El gobierno presente de Sergio Salom\u00f3n, mediante el Sistema Estatal DIF (SEDIF) que encabeza la presidenta honoraria del Patronato, Gaby Bonilla, puso nuevamente en servicio la alberca del Centro de Gerontolog\u00eda \u201cCasa del Abue\u201d, como parte de la atenci\u00f3n de calidad que brinda a las personas adultas mayores. Con esta acci\u00f3n, el organismo beneficiar\u00e1 mensualmente [&hellip;]<\/p>\n","protected":false},"author":4,"featured_media":31986,"comment_status":"open","ping_status":"open","sticky":false,"template":"","format":"standard","meta":{"om_disable_all_campaigns":false,"_monsterinsights_skip_tracking":false,"_monsterinsights_sitenote_active":false,"_monsterinsights_sitenote_note":"","_monsterinsights_sitenote_category":0,"footnotes":""},"categories":[175,1],"tags":[195,223],"class_list":["post-31984","post","type-post","status-publish","format-standard","has-post-thumbnail","hentry","category-local","category-sin-categoria","tag-principal","tag-puebla"],"amp_enabled":true,"_links":{"self":[{"href":"https:\/\/lahora.mx\/index.php\/wp-json\/wp\/v2\/posts\/31984","targetHints":{"allow":["GET"]}}],"collection":[{"href":"https:\/\/lahora.mx\/index.php\/wp-json\/wp\/v2\/posts"}],"about":[{"href":"https:\/\/lahora.mx\/index.php\/wp-json\/wp\/v2\/types\/post"}],"author":[{"embeddable":true,"href":"https:\/\/lahora.mx\/index.php\/wp-json\/wp\/v2\/users\/4"}],"replies":[{"embeddable":true,"href":"https:\/\/lahora.mx\/index.php\/wp-json\/wp\/v2\/comments?post=31984"}],"version-history":[{"count":1,"href":"https:\/\/lahora.mx\/index.php\/wp-json\/wp\/v2\/posts\/31984\/revisions"}],"predecessor-version":[{"id":31988,"href":"https:\/\/lahora.mx\/index.php\/wp-json\/wp\/v2\/posts\/31984\/revisions\/31988"}],"wp:featuredmedia":[{"embeddable":true,"href":"https:\/\/lahora.mx\/index.php\/wp-json\/wp\/v2\/media\/31986"}],"wp:attachment":[{"href":"https:\/\/lahora.mx\/index.php\/wp-json\/wp\/v2\/media?parent=31984"}],"wp:term":[{"taxonomy":"category","embeddable":true,"href":"https:\/\/lahora.mx\/index.php\/wp-json\/wp\/v2\/categories?post=31984"},{"taxonomy":"post_tag","embeddable":true,"href":"https:\/\/lahora.mx\/index.php\/wp-json\/wp\/v2\/tags?post=31984"}],"curies":[{"name":"wp","href":"https:\/\/api.w.org\/{rel}","templated":true}]}}