{"id":31963,"date":"2023-08-24T17:07:53","date_gmt":"2023-08-24T17:07:53","guid":{"rendered":"http:\/\/lahora.mx\/?p=31963"},"modified":"2023-08-24T17:07:53","modified_gmt":"2023-08-24T17:07:53","slug":"se-estrella-el-avion-del-jefe-del-grupo-wagner","status":"publish","type":"post","link":"https:\/\/lahora.mx\/index.php\/2023\/08\/24\/se-estrella-el-avion-del-jefe-del-grupo-wagner\/","title":{"rendered":"Se estrella el avi\u00f3n del jefe del grupo Wagner"},"content":{"rendered":"\n<p>Un avi\u00f3n privado se ha estrellado este mi\u00e9rcoles en la provincia rusa de Tver. El Ministerio de Emergencias ruso inform\u00f3 que 10 personas se encontraban a bordo de la aeronave, entre ellas tres miembros de la tripulaci\u00f3n. Ninguna de ellas sobrevivi\u00f3 el siniestro.<\/p>\n\n\n\n<p>Seg\u00fan datos de Flightradar24, se trata de un avi\u00f3n ejecutivo Embraer 600 con el n\u00famero serial RA-02795, que se dirig\u00eda de Mosc\u00fa a San Petersburgo y pertenec\u00eda al jefe del grupo Wagner, Yevgueni Prigozhin.<\/p>\n\n\n\n<p>\u00bfEl l\u00edder del Wagner viajaba en el avi\u00f3n?<br>Por su parte, la Agencia Federal de Transporte A\u00e9reo de Rusia ha publicado la lista completa de las personas que se encontraban a bordo del avi\u00f3n. En ella figuran el nombre de Yevgueni Prigozhin y el de Dmitri Utkin, uno de los fundadores y comandantes del grupo Wagner.<\/p>\n\n\n\n<p>Sin embargo, hasta el momento no hay datos oficiales sobre si el jefe del grupo Wagner realmente estaba entre los pasajeros ni tampoco se ha confirmado su muerte. Al mismo tiempo, tampoco hay informaci\u00f3n oficial al respecto de Utkin.<\/p>\n\n\n\n<p>Seg\u00fan FlightRadar24, un segundo avi\u00f3n vinculado a Prigozhin con el n\u00famero serial RA-02878 parti\u00f3 de Mosc\u00fa poco despu\u00e9s del primer avi\u00f3n siniestrado, pero regres\u00f3 a aterrizar despu\u00e9s de que se conoci\u00f3 la noticia del accidente.<\/p>\n\n\n\n<p>La investigaci\u00f3n<br>Una comisi\u00f3n especial creada por Rosaviatsia ha iniciado una investigaci\u00f3n sobre las circunstancias y causas del accidente. El gobernador de la regi\u00f3n de Tver, \u00cdgor Rudenia, declar\u00f3 que supervisar\u00e1 personalmente la investigaci\u00f3n.<\/p>\n\n\n\n<p>Por su parte, el Comit\u00e9 de Investigaci\u00f3n de la Federaci\u00f3n de Rusia ha abierto una pesquisa por violaci\u00f3n de las normas de vuelo tras el accidente.<\/p>\n\n\n\n<p>\u00bfQui\u00e9n es Yevgueni Prigozhin?<br>Yevgueni Prigozhin naci\u00f3 el 1 de junio de 1961 en San Petersburgo. En los a\u00f1os 90 se dedic\u00f3 a los negocios de la restauraci\u00f3n y el comercio, y ya en la d\u00e9cada del 2010 fund\u00f3 la empresa militar privada Wagner que, entre otras, realiz\u00f3 misiones en \u00c1frica.<\/p>\n\n\n\n<p>En 2022, el grupo Wagner empez\u00f3 a combatir en Ucrania en el marco de la operaci\u00f3n militar lanzada por Rusia. En particular, particip\u00f3 en la toma de las ciudades de Soledar y Arti\u00f3movsk (conocida como Bajmut en Ucrania).<\/p>\n\n\n\n<p>Desde 2016 Prigozhin se encuentra bajo sanciones introducidas por EE.UU. y, desde 2020, de la Uni\u00f3n Europea y del Reino Unido.<\/p>\n\n\n\n<p>Reportan que el jefe del grupo Wagner, Yevgueni Prigozhin, estaba entre los pasajeros del avi\u00f3n siniestrado<br>Reportan que el jefe del grupo Wagner, Yevgueni Prigozhin, estaba entre los pasajeros del avi\u00f3n siniestrado<br>Un intento de rebeli\u00f3n<br>El 24 de junio el grupo Wagner intent\u00f3 llevar a cabo una insurrecci\u00f3n que fue calificada por el presidente ruso, Vlad\u00edmir Putin, como un \u00abmot\u00edn militar\u00bb. Yevgueni Prigozhin afirm\u00f3 que se llevaron a cabo ataques contra sus unidades, culpando de ellos a la direcci\u00f3n militar rusa. Por su parte, el Ministerio de Defensa ruso refut\u00f3 estas acusaciones.<\/p>\n\n\n\n<p>Los combatientes de Wagner que apoyaron a Prigozhin entraron en la ciudad rusa de Rostov del Don e informaron que se dirigir\u00edan hacia Mosc\u00fa.<\/p>\n\n\n\n<p>Frente a la situaci\u00f3n, el presidente de Bielorrusia, Alex\u00e1nder Lukashenko, mantuvo conversaciones con Prigozhin y logr\u00f3 que los miembros del grupo militar regresaran a sus posiciones. Posteriormente, Mosc\u00fa inform\u00f3 que el grupo Wagner ser\u00eda trasladado a Bielorrusia. El 29 de junio, Vladimir Putin recibi\u00f3 a Prigozhin y a los comandantes de Wagner en el Kremlin, donde mantuvo con ellos una conversaci\u00f3n de tres horas.<\/p>\n","protected":false},"excerpt":{"rendered":"<p>Un avi\u00f3n privado se ha estrellado este mi\u00e9rcoles en la provincia rusa de Tver. El Ministerio de Emergencias ruso inform\u00f3 que 10 personas se encontraban a bordo de la aeronave, entre ellas tres miembros de la tripulaci\u00f3n. Ninguna de ellas sobrevivi\u00f3 el siniestro. Seg\u00fan datos de Flightradar24, se trata de un avi\u00f3n ejecutivo Embraer 600 [&hellip;]<\/p>\n","protected":false},"author":4,"featured_media":31964,"comment_status":"open","ping_status":"open","sticky":false,"template":"","format":"standard","meta":{"om_disable_all_campaigns":false,"_monsterinsights_skip_tracking":false,"_monsterinsights_sitenote_active":false,"_monsterinsights_sitenote_note":"","_monsterinsights_sitenote_category":0,"footnotes":""},"categories":[183],"tags":[195],"class_list":["post-31963","post","type-post","status-publish","format-standard","has-post-thumbnail","hentry","category-internacional","tag-principal"],"amp_enabled":true,"_links":{"self":[{"href":"https:\/\/lahora.mx\/index.php\/wp-json\/wp\/v2\/posts\/31963","targetHints":{"allow":["GET"]}}],"collection":[{"href":"https:\/\/lahora.mx\/index.php\/wp-json\/wp\/v2\/posts"}],"about":[{"href":"https:\/\/lahora.mx\/index.php\/wp-json\/wp\/v2\/types\/post"}],"author":[{"embeddable":true,"href":"https:\/\/lahora.mx\/index.php\/wp-json\/wp\/v2\/users\/4"}],"replies":[{"embeddable":true,"href":"https:\/\/lahora.mx\/index.php\/wp-json\/wp\/v2\/comments?post=31963"}],"version-history":[{"count":1,"href":"https:\/\/lahora.mx\/index.php\/wp-json\/wp\/v2\/posts\/31963\/revisions"}],"predecessor-version":[{"id":31965,"href":"https:\/\/lahora.mx\/index.php\/wp-json\/wp\/v2\/posts\/31963\/revisions\/31965"}],"wp:featuredmedia":[{"embeddable":true,"href":"https:\/\/lahora.mx\/index.php\/wp-json\/wp\/v2\/media\/31964"}],"wp:attachment":[{"href":"https:\/\/lahora.mx\/index.php\/wp-json\/wp\/v2\/media?parent=31963"}],"wp:term":[{"taxonomy":"category","embeddable":true,"href":"https:\/\/lahora.mx\/index.php\/wp-json\/wp\/v2\/categories?post=31963"},{"taxonomy":"post_tag","embeddable":true,"href":"https:\/\/lahora.mx\/index.php\/wp-json\/wp\/v2\/tags?post=31963"}],"curies":[{"name":"wp","href":"https:\/\/api.w.org\/{rel}","templated":true}]}}