{"id":31910,"date":"2023-08-23T17:29:37","date_gmt":"2023-08-23T17:29:37","guid":{"rendered":"http:\/\/lahora.mx\/?p=31910"},"modified":"2023-08-23T17:29:37","modified_gmt":"2023-08-23T17:29:37","slug":"trump-estara-preso-en-carcel-de-georgia-por-fraude-electoral","status":"publish","type":"post","link":"https:\/\/lahora.mx\/index.php\/2023\/08\/23\/trump-estara-preso-en-carcel-de-georgia-por-fraude-electoral\/","title":{"rendered":"Trump estar\u00e1 preso en c\u00e1rcel de Georgia por fraude electoral"},"content":{"rendered":"\n<p>El expresidente de los Estados Unidos (EE.UU.) Donald Trump, fue acusado de conspirar para revertir los resultados de las elecciones presidenciales de 2020 en el estado de Georgia; pact\u00f3 una fianza de 200 mil d\u00f3lares con los fiscales de aquel estado, pero, a pesar de ello, ser\u00e1 procesado en la c\u00e1rcel del condado de Fulton.<\/p>\n\n\n\n<p>Trump, junto con otros 18 acusados, enfrenta una acusaci\u00f3n que consta de 41 cargos relacionados con el intento de invalidar la derrota del empresario en las elecciones presidenciales norteamericanas, espec\u00edficamente en el estado de Georgia, contra Joe Biden, quien result\u00f3 ganador.<\/p>\n\n\n\n<p>En tanto, el empresario, en la red social Truth, calific\u00f3 las acusaciones en su contra como \u201ccaza de brujas\u201d, presuntamente orquestada por lo que define como \u201cizquierda radical\u201d; tambi\u00e9n acus\u00f3 al fiscal encargado de su caso, Fani Willis, y al Departamento de Justicia del actual presidente estadounidense, Joe Biden, de interferencia electoral.<\/p>\n\n\n\n<p>El exjefe de Estado tiene 13 delitos se\u00f1alados en su contra, entre los que destacan:<\/p>\n\n\n\n<p>Violar la Ley de extorsi\u00f3n de Georgia.<br>Solicitar la violaci\u00f3n del juramento por parte de un funcionario p\u00fablico.<br>Conspiraci\u00f3n para hacerse pasar por un funcionario p\u00fablico.<br>Conspiraci\u00f3n para cometer falsificaci\u00f3n en primer grado.<br>Emitir declaraciones y documentos falsos.<\/p>\n\n\n\n<p>Donald Trump y los otros 18 acusados ser\u00e1n enjuiciados bajo las leyes estatales de Georgia y, al no tratarse de un caso federal, no podr\u00e1n ser exonerados; en caso de ganar nuevamente la Presidencia, Trump no podr\u00eda autoexonerarse de los delitos que le acusan.<br>Se espera que este jueves el magnate visite la c\u00e1rcel del condado de Fulton, ubicada en el estado de Georgia, donde ser\u00e1 procesado e ingresar\u00e1 al penal, para despu\u00e9s salir bajo libertad condicional, ya que pact\u00f3 una fianza de 200 mil d\u00f3lares con los fiscales encargados del caso.<\/p>\n\n\n\n<p>Por esta acci\u00f3n, Trump, quien lidera las encuestas del Partido Republicano, no participar\u00e1 en el debate contra sus oponentes aspirantes a candidatos, pactado para el d\u00eda de hoy, mi\u00e9rcoles 23 de agosto, en Milwaukee.<\/p>\n","protected":false},"excerpt":{"rendered":"<p>El expresidente de los Estados Unidos (EE.UU.) Donald Trump, fue acusado de conspirar para revertir los resultados de las elecciones presidenciales de 2020 en el estado de Georgia; pact\u00f3 una fianza de 200 mil d\u00f3lares con los fiscales de aquel estado, pero, a pesar de ello, ser\u00e1 procesado en la c\u00e1rcel del condado de Fulton. [&hellip;]<\/p>\n","protected":false},"author":4,"featured_media":31911,"comment_status":"open","ping_status":"open","sticky":false,"template":"","format":"standard","meta":{"om_disable_all_campaigns":false,"_monsterinsights_skip_tracking":false,"_monsterinsights_sitenote_active":false,"_monsterinsights_sitenote_note":"","_monsterinsights_sitenote_category":0,"footnotes":""},"categories":[183],"tags":[],"class_list":["post-31910","post","type-post","status-publish","format-standard","has-post-thumbnail","hentry","category-internacional"],"amp_enabled":true,"_links":{"self":[{"href":"https:\/\/lahora.mx\/index.php\/wp-json\/wp\/v2\/posts\/31910","targetHints":{"allow":["GET"]}}],"collection":[{"href":"https:\/\/lahora.mx\/index.php\/wp-json\/wp\/v2\/posts"}],"about":[{"href":"https:\/\/lahora.mx\/index.php\/wp-json\/wp\/v2\/types\/post"}],"author":[{"embeddable":true,"href":"https:\/\/lahora.mx\/index.php\/wp-json\/wp\/v2\/users\/4"}],"replies":[{"embeddable":true,"href":"https:\/\/lahora.mx\/index.php\/wp-json\/wp\/v2\/comments?post=31910"}],"version-history":[{"count":1,"href":"https:\/\/lahora.mx\/index.php\/wp-json\/wp\/v2\/posts\/31910\/revisions"}],"predecessor-version":[{"id":31912,"href":"https:\/\/lahora.mx\/index.php\/wp-json\/wp\/v2\/posts\/31910\/revisions\/31912"}],"wp:featuredmedia":[{"embeddable":true,"href":"https:\/\/lahora.mx\/index.php\/wp-json\/wp\/v2\/media\/31911"}],"wp:attachment":[{"href":"https:\/\/lahora.mx\/index.php\/wp-json\/wp\/v2\/media?parent=31910"}],"wp:term":[{"taxonomy":"category","embeddable":true,"href":"https:\/\/lahora.mx\/index.php\/wp-json\/wp\/v2\/categories?post=31910"},{"taxonomy":"post_tag","embeddable":true,"href":"https:\/\/lahora.mx\/index.php\/wp-json\/wp\/v2\/tags?post=31910"}],"curies":[{"name":"wp","href":"https:\/\/api.w.org\/{rel}","templated":true}]}}