{"id":31902,"date":"2023-08-23T16:36:24","date_gmt":"2023-08-23T16:36:24","guid":{"rendered":"http:\/\/lahora.mx\/?p=31902"},"modified":"2023-08-23T16:36:36","modified_gmt":"2023-08-23T16:36:36","slug":"todo-un-exitoso-la-feria-amozoc-2023","status":"publish","type":"post","link":"https:\/\/lahora.mx\/index.php\/2023\/08\/23\/todo-un-exitoso-la-feria-amozoc-2023\/","title":{"rendered":"Todo un ex\u00edto la Feria Amozoc 2023"},"content":{"rendered":"\n<p>Desde el pasado 13 de agosto al 20 del mismo mes, el municipio de Amozoc recibi\u00f3 a m\u00e1s de 20 mil visitantes del interior del Estado de Puebla y entidades vecinas, esto durante su tradicional Feria 2023 en honor a la Virgen de La Asunci\u00f3n y que, como parte del programa, se llevaron a cabo las presentaciones de diversos grupos musicales, el Festival del Mole y del Mariachi, la exposici\u00f3n de las artesan\u00edas y corredor gastron\u00f3mico, entre otros, inform\u00f3 el edil, Mario de la Rosa Romero.<\/p>\n\n\n\n<p>Al respecto, el alcalde de Amozoc, Mario de la Rosa destac\u00f3 que, gracias al respaldo del cuerpo edilicio, la coordinaci\u00f3n con los integrantes del comit\u00e9 organizador de la feria, as\u00ed como de los elementos de Seguridad Ciudadana Tr\u00e1nsito Municipal, Protecci\u00f3n Civil y Bomberos, se logr\u00f3 realizar una festividad que a\u00f1o con a\u00f1o, ha atra\u00eddo a m\u00e1s familias del Pa\u00eds.<\/p>\n\n\n\n<p>\u201cTras los operativos para salvaguardar la integridad de los asistentes, seguido de una excelente log\u00edstica y trabajo constante es como culmin\u00f3 con saldo blanco y con mucho \u00e9xito la Feria de Amozoc 2023. Agradezco a cada uno de los asistentes que, con su apoyo y colaboraci\u00f3n para respetar la normatividad, fue como se logr\u00f3 vivir una festividad en armon\u00eda\u201d, manifest\u00f3.<\/p>\n\n\n\n<p>Destac\u00f3 que entre los eventos que engalanaron esta celebraci\u00f3n fueron: Los Jaripeos, que tuvieron lugar en la zona conocida como La Palapa; el Festival del Mole y del mariachi, este \u00faltimo con la participaci\u00f3n de Marching Band; la premiaci\u00f3n de la Embajadora Cultural de Amozoc y la presentaci\u00f3n de los grupos musicales como Elefante, R\u00edo Roma, Playa Limbo, Los Socios del Ritmo, Sonido Pirata, Aar\u00f3n y su grupo Ilusi\u00f3n con Mariana Seoane, entre otros.<\/p>\n\n\n\n<p>Finalmente, Mario de la Rosa llam\u00f3 a todos los amozoquenses a sentirse orgullosos de la cultura, costumbres, gastronom\u00eda y artesan\u00edas que distinguen al municipio a nivel nacional e internacional.<\/p>\n","protected":false},"excerpt":{"rendered":"<p>Desde el pasado 13 de agosto al 20 del mismo mes, el municipio de Amozoc recibi\u00f3 a m\u00e1s de 20 mil visitantes del interior del Estado de Puebla y entidades vecinas, esto durante su tradicional Feria 2023 en honor a la Virgen de La Asunci\u00f3n y que, como parte del programa, se llevaron a cabo [&hellip;]<\/p>\n","protected":false},"author":4,"featured_media":31903,"comment_status":"open","ping_status":"open","sticky":false,"template":"","format":"standard","meta":{"om_disable_all_campaigns":false,"_monsterinsights_skip_tracking":false,"_monsterinsights_sitenote_active":false,"_monsterinsights_sitenote_note":"","_monsterinsights_sitenote_category":0,"footnotes":""},"categories":[175],"tags":[223],"class_list":["post-31902","post","type-post","status-publish","format-standard","has-post-thumbnail","hentry","category-local","tag-puebla"],"amp_enabled":true,"_links":{"self":[{"href":"https:\/\/lahora.mx\/index.php\/wp-json\/wp\/v2\/posts\/31902","targetHints":{"allow":["GET"]}}],"collection":[{"href":"https:\/\/lahora.mx\/index.php\/wp-json\/wp\/v2\/posts"}],"about":[{"href":"https:\/\/lahora.mx\/index.php\/wp-json\/wp\/v2\/types\/post"}],"author":[{"embeddable":true,"href":"https:\/\/lahora.mx\/index.php\/wp-json\/wp\/v2\/users\/4"}],"replies":[{"embeddable":true,"href":"https:\/\/lahora.mx\/index.php\/wp-json\/wp\/v2\/comments?post=31902"}],"version-history":[{"count":2,"href":"https:\/\/lahora.mx\/index.php\/wp-json\/wp\/v2\/posts\/31902\/revisions"}],"predecessor-version":[{"id":31905,"href":"https:\/\/lahora.mx\/index.php\/wp-json\/wp\/v2\/posts\/31902\/revisions\/31905"}],"wp:featuredmedia":[{"embeddable":true,"href":"https:\/\/lahora.mx\/index.php\/wp-json\/wp\/v2\/media\/31903"}],"wp:attachment":[{"href":"https:\/\/lahora.mx\/index.php\/wp-json\/wp\/v2\/media?parent=31902"}],"wp:term":[{"taxonomy":"category","embeddable":true,"href":"https:\/\/lahora.mx\/index.php\/wp-json\/wp\/v2\/categories?post=31902"},{"taxonomy":"post_tag","embeddable":true,"href":"https:\/\/lahora.mx\/index.php\/wp-json\/wp\/v2\/tags?post=31902"}],"curies":[{"name":"wp","href":"https:\/\/api.w.org\/{rel}","templated":true}]}}