{"id":31899,"date":"2023-08-23T16:33:22","date_gmt":"2023-08-23T16:33:22","guid":{"rendered":"http:\/\/lahora.mx\/?p=31899"},"modified":"2023-08-23T16:33:22","modified_gmt":"2023-08-23T16:33:22","slug":"luz-verde-para-cobro-de-fotomultas-en-la-via-atlixcayotl","status":"publish","type":"post","link":"https:\/\/lahora.mx\/index.php\/2023\/08\/23\/luz-verde-para-cobro-de-fotomultas-en-la-via-atlixcayotl\/","title":{"rendered":"Luz verde para cobro de fotomultas en la V\u00eda Atlixc\u00e1yotl"},"content":{"rendered":"\n<p>Aun cuando el gobierno de San Andr\u00e9s Cholula anunci\u00f3 ayer martes 22 de agosto que se frenar\u00eda el cobro de fotomultas o sanciones econ\u00f3micas por exceder la velocidad en las laterales de la V\u00eda Atlixc\u00e1yotl, este mi\u00e9rcoles 23 de agosto se anunci\u00f3 que siempre s\u00ed se pondr\u00e1 en marcha el programa de Control de Exceso de Velocidad \u201cMovilidad m\u00e1s segura\u201d.<\/p>\n\n\n\n<p>A trav\u00e9s de un comunicado, la Secretar\u00eda de Seguridad P\u00fablica y Protecci\u00f3n Ciudadana (SSPPC) de San Andr\u00e9s Cholula, dio a conocer que a partir de este mi\u00e9rcoles 23 de agosto iniciar\u00e1 con el cobro de sanciones econ\u00f3micas a los conductores que excedan los 60 kil\u00f3metros por hora en el bulevar Los Reyes -laterales de la V\u00eda Atlixc\u00e1yotl pertenecientes al municipio-.<\/p>\n\n\n\n<p>La secretar\u00eda se\u00f1al\u00f3 que durante m\u00e1s de un mes, elementos de Vialidad implementaron una campa\u00f1a de informaci\u00f3n, en la que se amonestaba de manera verbal a quienes exced\u00edan los l\u00edmites de velocidad permitida.<\/p>\n\n\n\n<p>\u201cEl costo de la infracci\u00f3n, de acuerdo con el Reglamento de Tr\u00e1nsito Municipal, inicia desde las 10 Unidades de Medida y Actualizaci\u00f3n (UMAS) y podr\u00eda tener un descuento de 25 por ciento si se hace el pago durante los primeros 10 d\u00edas h\u00e1biles posteriores a la realizaci\u00f3n de la boleta\u201d, se lee en el comunicado.<br>Asimismo, indican que aquellos conductores sancionados que no radiquen en la zona metropolitana tendr\u00e1n la opci\u00f3n de realizar el pago en el lugar.<\/p>\n\n\n\n<p>\u201cEn su \u00e1mbito de responsabilidad, personal de la Contralor\u00eda Municipal supervisar\u00e1 el correcto funcionamiento del dispositivo, as\u00ed como los cobros que las y los ciudadanos realicen en el lugar mediante el uso de terminales bancarias\u201d.<\/p>\n\n\n\n<p>Frenan programa de \u201cMovilidad M\u00e1s Segura\u201d por unas horas<br>Cabe recordar que ayer martes 23 de agosto el alcalde Edmundo Tlatehui Percino inform\u00f3 que la etapa de concientizaci\u00f3n se hab\u00eda extendido porque algunas personas se vieron sorprendidas, \u201ccomo lo comentamos desde un principio, esta medida ser\u00e1 para garantizar la seguridad no es un tema recaudatorio\u201d.<br>\u201cAl ver el desconocimiento de la ciudadan\u00eda, tomamos la decisi\u00f3n de frenar el cobro, estaremos en contacto. La verdad es que no queremos entrar en un choque directo con la ciudadan\u00eda, queremos que se sensibilice, se responsabilice con la velocidad que se recorre en la lateral autopista\u201d, concluy\u00f3.<\/p>\n","protected":false},"excerpt":{"rendered":"<p>Aun cuando el gobierno de San Andr\u00e9s Cholula anunci\u00f3 ayer martes 22 de agosto que se frenar\u00eda el cobro de fotomultas o sanciones econ\u00f3micas por exceder la velocidad en las laterales de la V\u00eda Atlixc\u00e1yotl, este mi\u00e9rcoles 23 de agosto se anunci\u00f3 que siempre s\u00ed se pondr\u00e1 en marcha el programa de Control de Exceso [&hellip;]<\/p>\n","protected":false},"author":4,"featured_media":31900,"comment_status":"open","ping_status":"open","sticky":false,"template":"","format":"standard","meta":{"om_disable_all_campaigns":false,"_monsterinsights_skip_tracking":false,"_monsterinsights_sitenote_active":false,"_monsterinsights_sitenote_note":"","_monsterinsights_sitenote_category":0,"footnotes":""},"categories":[175],"tags":[195,223],"class_list":["post-31899","post","type-post","status-publish","format-standard","has-post-thumbnail","hentry","category-local","tag-principal","tag-puebla"],"amp_enabled":true,"_links":{"self":[{"href":"https:\/\/lahora.mx\/index.php\/wp-json\/wp\/v2\/posts\/31899","targetHints":{"allow":["GET"]}}],"collection":[{"href":"https:\/\/lahora.mx\/index.php\/wp-json\/wp\/v2\/posts"}],"about":[{"href":"https:\/\/lahora.mx\/index.php\/wp-json\/wp\/v2\/types\/post"}],"author":[{"embeddable":true,"href":"https:\/\/lahora.mx\/index.php\/wp-json\/wp\/v2\/users\/4"}],"replies":[{"embeddable":true,"href":"https:\/\/lahora.mx\/index.php\/wp-json\/wp\/v2\/comments?post=31899"}],"version-history":[{"count":1,"href":"https:\/\/lahora.mx\/index.php\/wp-json\/wp\/v2\/posts\/31899\/revisions"}],"predecessor-version":[{"id":31901,"href":"https:\/\/lahora.mx\/index.php\/wp-json\/wp\/v2\/posts\/31899\/revisions\/31901"}],"wp:featuredmedia":[{"embeddable":true,"href":"https:\/\/lahora.mx\/index.php\/wp-json\/wp\/v2\/media\/31900"}],"wp:attachment":[{"href":"https:\/\/lahora.mx\/index.php\/wp-json\/wp\/v2\/media?parent=31899"}],"wp:term":[{"taxonomy":"category","embeddable":true,"href":"https:\/\/lahora.mx\/index.php\/wp-json\/wp\/v2\/categories?post=31899"},{"taxonomy":"post_tag","embeddable":true,"href":"https:\/\/lahora.mx\/index.php\/wp-json\/wp\/v2\/tags?post=31899"}],"curies":[{"name":"wp","href":"https:\/\/api.w.org\/{rel}","templated":true}]}}