{"id":31896,"date":"2023-08-23T16:31:12","date_gmt":"2023-08-23T16:31:12","guid":{"rendered":"http:\/\/lahora.mx\/?p=31896"},"modified":"2023-08-23T16:31:12","modified_gmt":"2023-08-23T16:31:12","slug":"por-disputa-de-narcomenudeo-balearon-a-la-la-zorra-y-a-su-hijo-en-las-animas","status":"publish","type":"post","link":"https:\/\/lahora.mx\/index.php\/2023\/08\/23\/por-disputa-de-narcomenudeo-balearon-a-la-la-zorra-y-a-su-hijo-en-las-animas\/","title":{"rendered":"Por disputa de narcomenudeo, balearon a la \u00abLa Zorra\u00bb y a su hijo en Las \u00c1nimas"},"content":{"rendered":"\n<p>En un ataque directo relacionado con temas de narcomenudeo, dos hombres fueron heridos de bala, uno de ellos de gravedad, en el estacionamiento de Galer\u00eda Las \u00c1nimas en la ciudad de Puebla; se presume que se trata de Fernando N, alias \u201cLa Zorra\u201d, y su hijo de 16 a\u00f1os de edad.<\/p>\n\n\n\n<p>La balacera inici\u00f3 aproximadamente a las 23:00 horas del martes 22 de agosto en la zona de Angel\u00f3polis y termin\u00f3 en el estacionamiento de Galer\u00eda Las \u00c1nimas, lugar donde cerca de la medianoche se registr\u00f3 una intensa movilizaci\u00f3n por parte de autoridades policiacas y param\u00e9dicos.<\/p>\n\n\n\n<p>De acuerdo con los informes de la polic\u00eda, los heridos de 50 y 16 a\u00f1os de edad, respectivamente, iban a bordo de una camioneta Jeep, Gran Cherokee, color negro en la que desde varias calles antes ya eran perseguidos por otros sujetos que viajaban en otra unidad.<\/p>\n\n\n\n<p>La persecuci\u00f3n culmin\u00f3 en el estacionamiento de Galer\u00eda Las \u00c1nimas, a donde v\u00edctimas y agresores entraron por la fuerza despu\u00e9s de violar una pluma met\u00e1lica; en el punto los sicarios hicieron m\u00e1s detonaciones de arma de fuego y despu\u00e9s escaparon de la zona dejando abandonadas a sus v\u00edctimas.<br>Param\u00e9dicos, agentes policiacos y ministeriales se trasladaron a la zona donde fueron atendidos los dos lesionados para su posterior traslado al hospital.<\/p>\n\n\n\n<p>Historial de \u201cLa Zorra\u201d<br>Los reportes de la polic\u00eda se\u00f1alan que el herido de 50 a\u00f1os de edad ser\u00eda Fernando N, alias \u201cLa Zorra\u201d, quien el 28 de junio de 2022, en plena jornada de vacunaci\u00f3n Covid-19 para ni\u00f1os, fue baleado afuera del Centro de Salud de la colonia Francisco I. Madero, en la ciudad de Puebla, donde se desat\u00f3 el p\u00e1nico y la histeria entre los asistentes.<\/p>\n\n\n\n<p>Aunque \u201cLa Zorra\u201d fue llevado a un hospital, m\u00e1s tarde tambi\u00e9n qued\u00f3 detenido ya que se dijo por parte de las autoridades que se trataba de un presunto l\u00edder narcomenudista, sin embargo, habr\u00eda obtenido su libertad y este martes fue objeto de un nuevo ataque relacionado con la disputa de la plaza del narcomenudeo en la ciudad.<br>El hecho ya es investigado por la Fiscal\u00eda General del Estado (FGE) de Puebla a fin de esclarecer lo ocurrido; la camioneta Jeep en que \u201cLa Zorra\u201d y su hijo menor de edad se trasladaban tambi\u00e9n fue asegurada.<\/p>\n","protected":false},"excerpt":{"rendered":"<p>En un ataque directo relacionado con temas de narcomenudeo, dos hombres fueron heridos de bala, uno de ellos de gravedad, en el estacionamiento de Galer\u00eda Las \u00c1nimas en la ciudad de Puebla; se presume que se trata de Fernando N, alias \u201cLa Zorra\u201d, y su hijo de 16 a\u00f1os de edad. La balacera inici\u00f3 aproximadamente [&hellip;]<\/p>\n","protected":false},"author":4,"featured_media":31897,"comment_status":"open","ping_status":"open","sticky":false,"template":"","format":"standard","meta":{"om_disable_all_campaigns":false,"_monsterinsights_skip_tracking":false,"_monsterinsights_sitenote_active":false,"_monsterinsights_sitenote_note":"","_monsterinsights_sitenote_category":0,"footnotes":""},"categories":[175,226],"tags":[195,223],"class_list":["post-31896","post","type-post","status-publish","format-standard","has-post-thumbnail","hentry","category-local","category-policia","tag-principal","tag-puebla"],"amp_enabled":true,"_links":{"self":[{"href":"https:\/\/lahora.mx\/index.php\/wp-json\/wp\/v2\/posts\/31896","targetHints":{"allow":["GET"]}}],"collection":[{"href":"https:\/\/lahora.mx\/index.php\/wp-json\/wp\/v2\/posts"}],"about":[{"href":"https:\/\/lahora.mx\/index.php\/wp-json\/wp\/v2\/types\/post"}],"author":[{"embeddable":true,"href":"https:\/\/lahora.mx\/index.php\/wp-json\/wp\/v2\/users\/4"}],"replies":[{"embeddable":true,"href":"https:\/\/lahora.mx\/index.php\/wp-json\/wp\/v2\/comments?post=31896"}],"version-history":[{"count":1,"href":"https:\/\/lahora.mx\/index.php\/wp-json\/wp\/v2\/posts\/31896\/revisions"}],"predecessor-version":[{"id":31898,"href":"https:\/\/lahora.mx\/index.php\/wp-json\/wp\/v2\/posts\/31896\/revisions\/31898"}],"wp:featuredmedia":[{"embeddable":true,"href":"https:\/\/lahora.mx\/index.php\/wp-json\/wp\/v2\/media\/31897"}],"wp:attachment":[{"href":"https:\/\/lahora.mx\/index.php\/wp-json\/wp\/v2\/media?parent=31896"}],"wp:term":[{"taxonomy":"category","embeddable":true,"href":"https:\/\/lahora.mx\/index.php\/wp-json\/wp\/v2\/categories?post=31896"},{"taxonomy":"post_tag","embeddable":true,"href":"https:\/\/lahora.mx\/index.php\/wp-json\/wp\/v2\/tags?post=31896"}],"curies":[{"name":"wp","href":"https:\/\/api.w.org\/{rel}","templated":true}]}}