{"id":31893,"date":"2023-08-23T16:24:35","date_gmt":"2023-08-23T16:24:35","guid":{"rendered":"http:\/\/lahora.mx\/?p=31893"},"modified":"2023-08-23T16:24:35","modified_gmt":"2023-08-23T16:24:35","slug":"la-presidente-municipal-ariadna-ayala-entrega-paquetes-escolares-en-atlixco","status":"publish","type":"post","link":"https:\/\/lahora.mx\/index.php\/2023\/08\/23\/la-presidente-municipal-ariadna-ayala-entrega-paquetes-escolares-en-atlixco\/","title":{"rendered":"La presidente municipal Ariadna Ayala entrega paquetes escolares en Atlixco"},"content":{"rendered":"\n<p>Reafirmando su compromiso con la educaci\u00f3n y en apoyo a la econom\u00eda de las familias atlixquenses, por segundo a\u00f1o, la presidenta municipal de Atlixco, Ariadna Ayala entreg\u00f3 kits escolares a estudiantes de nivel b\u00e1sico de instituciones p\u00fablicas.<\/p>\n\n\n\n<p>Al respecto, la edil destac\u00f3 que este programa se trabaj\u00f3 bajo un an\u00e1lisis socioecon\u00f3mico para atender las zonas con mayor vulnerabilidad y respaldar la econom\u00eda de las familias atlixquenses, adem\u00e1s, con el objeto de reducir el rezago educativo, se plantea ampliar las zonas de atenci\u00f3n.<\/p>\n\n\n\n<p>\u201cAl ver sus caras de entusiasmo, me queda claro, la educaci\u00f3n siempre ser\u00e1 la mejor inversi\u00f3n y esta lucha social, respalda a todos los sectores, pues adem\u00e1s de apoyar la econom\u00eda de los atlixquenses e impulsamos a los peque\u00f1os a seguir desarrollando sus conocimientos\u201d, expres\u00f3 en su intervenci\u00f3n, Ariadna Ayala.<\/p>\n\n\n\n<p>Cabe mencionar que las adquisiciones de estos paquetes escolares fueron con recursos propios. Los beneficiados recibieron una mochila que al interior conten\u00eda libretas, colores, juegos geom\u00e9tricos y herramientas funcionales para el desarrollo de sus actividades durante el pr\u00f3ximo ciclo escolar que est\u00e1 por iniciar.<\/p>\n","protected":false},"excerpt":{"rendered":"<p>Reafirmando su compromiso con la educaci\u00f3n y en apoyo a la econom\u00eda de las familias atlixquenses, por segundo a\u00f1o, la presidenta municipal de Atlixco, Ariadna Ayala entreg\u00f3 kits escolares a estudiantes de nivel b\u00e1sico de instituciones p\u00fablicas. Al respecto, la edil destac\u00f3 que este programa se trabaj\u00f3 bajo un an\u00e1lisis socioecon\u00f3mico para atender las zonas [&hellip;]<\/p>\n","protected":false},"author":4,"featured_media":31894,"comment_status":"open","ping_status":"open","sticky":false,"template":"","format":"standard","meta":{"om_disable_all_campaigns":false,"_monsterinsights_skip_tracking":false,"_monsterinsights_sitenote_active":false,"_monsterinsights_sitenote_note":"","_monsterinsights_sitenote_category":0,"footnotes":""},"categories":[175],"tags":[223],"class_list":["post-31893","post","type-post","status-publish","format-standard","has-post-thumbnail","hentry","category-local","tag-puebla"],"amp_enabled":true,"_links":{"self":[{"href":"https:\/\/lahora.mx\/index.php\/wp-json\/wp\/v2\/posts\/31893","targetHints":{"allow":["GET"]}}],"collection":[{"href":"https:\/\/lahora.mx\/index.php\/wp-json\/wp\/v2\/posts"}],"about":[{"href":"https:\/\/lahora.mx\/index.php\/wp-json\/wp\/v2\/types\/post"}],"author":[{"embeddable":true,"href":"https:\/\/lahora.mx\/index.php\/wp-json\/wp\/v2\/users\/4"}],"replies":[{"embeddable":true,"href":"https:\/\/lahora.mx\/index.php\/wp-json\/wp\/v2\/comments?post=31893"}],"version-history":[{"count":1,"href":"https:\/\/lahora.mx\/index.php\/wp-json\/wp\/v2\/posts\/31893\/revisions"}],"predecessor-version":[{"id":31895,"href":"https:\/\/lahora.mx\/index.php\/wp-json\/wp\/v2\/posts\/31893\/revisions\/31895"}],"wp:featuredmedia":[{"embeddable":true,"href":"https:\/\/lahora.mx\/index.php\/wp-json\/wp\/v2\/media\/31894"}],"wp:attachment":[{"href":"https:\/\/lahora.mx\/index.php\/wp-json\/wp\/v2\/media?parent=31893"}],"wp:term":[{"taxonomy":"category","embeddable":true,"href":"https:\/\/lahora.mx\/index.php\/wp-json\/wp\/v2\/categories?post=31893"},{"taxonomy":"post_tag","embeddable":true,"href":"https:\/\/lahora.mx\/index.php\/wp-json\/wp\/v2\/tags?post=31893"}],"curies":[{"name":"wp","href":"https:\/\/api.w.org\/{rel}","templated":true}]}}