{"id":31888,"date":"2023-08-23T03:25:18","date_gmt":"2023-08-23T03:25:18","guid":{"rendered":"http:\/\/lahora.mx\/?p=31888"},"modified":"2023-08-23T14:10:14","modified_gmt":"2023-08-23T14:10:14","slug":"poder-judicial-federal-no-esta-funcionando-adecuadamente-expresa-el-gobernador-sergio-salomon","status":"publish","type":"post","link":"https:\/\/lahora.mx\/index.php\/2023\/08\/23\/poder-judicial-federal-no-esta-funcionando-adecuadamente-expresa-el-gobernador-sergio-salomon\/","title":{"rendered":"Poder Judicial Federal no est\u00e1 funcionando adecuadamente expresa el gobernador Sergio Salom\u00f3n"},"content":{"rendered":"\n<p>Luego de que en la \u00abma\u00f1anera\u201d del presidente de M\u00e9xico, Andr\u00e9s Manuel L\u00f3pez Obrador (AMLO), se exhibi\u00f3 a otro juez poblano, el gobernador de Puebla, Sergio Salom\u00f3n C\u00e9spedes Peregrina llam\u00f3 al Poder Judicial a revisar las posibles fallas en sus procesos.<\/p>\n\n\n\n<p>El juez fue de control en Puebla, Jorge Eduardo Ram\u00edrez T\u00e9llez fue exhibido por seis resoluciones \u00abdesfavorables a los intereses de la justicia\u00bb.<\/p>\n\n\n\n<p>El mandatario estatal indic\u00f3 que el Poder Judicial Federal no est\u00e1 funcionando adecuadamente, \u201cno podemos hacer caso omiso de la realidad\u201d, asever\u00f3.<\/p>\n\n\n\n<p>Insisti\u00f3 que el Poder Judicial debe hacer un autoan\u00e1lisis, que revise cu\u00e1les son las \u00e1reas de oportunidad para detectar en qu\u00e9 est\u00e1 fallando.<\/p>\n\n\n\n<p>\u201cSino hay alg\u00fan otro motivo se deben fincar responsabilidades que debe asumir quien lo haya hecho, es un tema concatenado, que tiene que ver el primer respondiente, la cadena de custodia, Fiscal\u00eda\u201d, dijo.<\/p>\n\n\n\n<p>Sergio Salom\u00f3n se\u00f1al\u00f3 que si llega a comprobar alg\u00fan tipo de il\u00edcito, tambi\u00e9n debe haber responsables.<\/p>\n\n\n\n<p>La exhibida<br>En la conferencia matutina o \u201cma\u00f1anera\u201d, en la secci\u00f3n \u201cCero Impunidad\u201d, que encabeza el presidente de M\u00e9xico, Andr\u00e9s Manuel L\u00f3pez Obrador (AMLO), se detall\u00f3 que Ram\u00edrez T\u00e9llez determin\u00f3 no vincular a los presuntos delincuentes a proceso.<\/p>\n\n\n\n<p>\u00abEn uno de los casos, calific\u00f3 de ilegal la detenci\u00f3n y en tres m\u00e1s fueron sentencias absolutorias\u00bb, detall\u00f3 el general Luis Rodr\u00edguez Bucio, subsecretario de Seguridad.<\/p>\n\n\n\n<p>Inform\u00f3 que en la audiencia del 25 de abril de 2023, dict\u00f3 sentencia absolutoria en favor de un hombre por el delito de portaci\u00f3n de arma de uso exclusivo y posesi\u00f3n de cartuchos.<\/p>\n\n\n\n<p>El sujeto hab\u00eda sido detenido con una pistola calibre 38 s\u00faper y que tambi\u00e9n ten\u00eda tres fusiles calibre 2.23 en su veh\u00edculo, sin embargo lo liber\u00f3.<\/p>\n\n\n\n<p>Rodr\u00edguez Burcio revel\u00f3 que por favorecer a presuntos delincuentes existen denuncias penales y quejas ante el Consejo de la Judicatura Federal contra del juez poblano.<\/p>\n\n\n\n<p>Precis\u00f3 que al menos 31 jueces y ministros han sido identificados en esta situaci\u00f3n, sumando una deuda fiscal conjunta de 54 mil millones de pesos en impuestos.<\/p>\n\n\n\n<p>Vigilancia en Puebla<br>Al respecto, el Consejo de la Judicatura del Poder Judicial del Estado de Puebla, aclar\u00f3 que los se\u00f1alamientos contra un juez de control en la entidad, se trata de un togado adscrito al Poder Judicial de la Federaci\u00f3n.<\/p>\n\n\n\n<p>En este sentido, el Consejo de la Judicatura reiter\u00f3 que mantiene de manera permanente la supervisi\u00f3n de las actividades de los servidores judiciales de Puebla, en el \u00e1mbito de su jurisdicci\u00f3n, as\u00ed como las investigaciones de quejas presentadas por la poblaci\u00f3n, para garantizar el pleno acceso a la justicia.<\/p>\n\n\n\n<p>Afirm\u00f3 en un comunicado que el Poder Judicial del Estado trabaja para mejorar en el desempe\u00f1o de los \u00f3rganos jurisdiccionales, auxiliares y administrativos, en beneficio de los ciudadanos que acuden a los tribunales en busca de soluciones a sus conflictos.<\/p>\n","protected":false},"excerpt":{"rendered":"<p>Luego de que en la \u00abma\u00f1anera\u201d del presidente de M\u00e9xico, Andr\u00e9s Manuel L\u00f3pez Obrador (AMLO), se exhibi\u00f3 a otro juez poblano, el gobernador de Puebla, Sergio Salom\u00f3n C\u00e9spedes Peregrina llam\u00f3 al Poder Judicial a revisar las posibles fallas en sus procesos. El juez fue de control en Puebla, Jorge Eduardo Ram\u00edrez T\u00e9llez fue exhibido por [&hellip;]<\/p>\n","protected":false},"author":4,"featured_media":31889,"comment_status":"open","ping_status":"open","sticky":false,"template":"","format":"standard","meta":{"om_disable_all_campaigns":false,"_monsterinsights_skip_tracking":false,"_monsterinsights_sitenote_active":false,"_monsterinsights_sitenote_note":"","_monsterinsights_sitenote_category":0,"footnotes":""},"categories":[175],"tags":[195,223],"class_list":["post-31888","post","type-post","status-publish","format-standard","has-post-thumbnail","hentry","category-local","tag-principal","tag-puebla"],"amp_enabled":true,"_links":{"self":[{"href":"https:\/\/lahora.mx\/index.php\/wp-json\/wp\/v2\/posts\/31888","targetHints":{"allow":["GET"]}}],"collection":[{"href":"https:\/\/lahora.mx\/index.php\/wp-json\/wp\/v2\/posts"}],"about":[{"href":"https:\/\/lahora.mx\/index.php\/wp-json\/wp\/v2\/types\/post"}],"author":[{"embeddable":true,"href":"https:\/\/lahora.mx\/index.php\/wp-json\/wp\/v2\/users\/4"}],"replies":[{"embeddable":true,"href":"https:\/\/lahora.mx\/index.php\/wp-json\/wp\/v2\/comments?post=31888"}],"version-history":[{"count":1,"href":"https:\/\/lahora.mx\/index.php\/wp-json\/wp\/v2\/posts\/31888\/revisions"}],"predecessor-version":[{"id":31890,"href":"https:\/\/lahora.mx\/index.php\/wp-json\/wp\/v2\/posts\/31888\/revisions\/31890"}],"wp:featuredmedia":[{"embeddable":true,"href":"https:\/\/lahora.mx\/index.php\/wp-json\/wp\/v2\/media\/31889"}],"wp:attachment":[{"href":"https:\/\/lahora.mx\/index.php\/wp-json\/wp\/v2\/media?parent=31888"}],"wp:term":[{"taxonomy":"category","embeddable":true,"href":"https:\/\/lahora.mx\/index.php\/wp-json\/wp\/v2\/categories?post=31888"},{"taxonomy":"post_tag","embeddable":true,"href":"https:\/\/lahora.mx\/index.php\/wp-json\/wp\/v2\/tags?post=31888"}],"curies":[{"name":"wp","href":"https:\/\/api.w.org\/{rel}","templated":true}]}}