{"id":31884,"date":"2023-08-23T03:15:18","date_gmt":"2023-08-23T03:15:18","guid":{"rendered":"http:\/\/lahora.mx\/?p=31884"},"modified":"2023-08-23T03:15:19","modified_gmt":"2023-08-23T03:15:19","slug":"amlo-critica-espectaculares-politicos","status":"publish","type":"post","link":"https:\/\/lahora.mx\/index.php\/2023\/08\/23\/amlo-critica-espectaculares-politicos\/","title":{"rendered":"AMLO critica espectaculares pol\u00edticos"},"content":{"rendered":"\n<p class=\"wp-block-paragraph\">El presidente de M\u00e9xico, Andr\u00e9s Manuel L\u00f3pez Obrador, critic\u00f3 la promoci\u00f3n de pol\u00edticos a trav\u00e9s de espectaculares, aunque evit\u00f3 mencionar a los morenistas que han recurrido a \u00e9sta t\u00e9cnica en el marco de las elecciones 2024.<\/p>\n\n\n\n<p class=\"wp-block-paragraph\">En conferencia de prensa matutina, y a pregunta expresa sobre la propaganda del diputado federal de Morena, Ignacio Mier Velazco, el mandatario federal dijo que \u00abno era el \u00fanico caso\u00bb.<\/p>\n\n\n\n<p class=\"wp-block-paragraph\">Sin embargo, reiter\u00f3 su llamado de \u00abcombatir estas pr\u00e1cticas\u00bb al ser ajenas a los principios de la Cuarta Transformaci\u00f3n, pues dijo, \u00abes indebido e ilegal\u00bb utilizar recursos p\u00fablicos para promocionar a alg\u00fan candidato en particular.<br>Asimismo, record\u00f3 que no habr\u00e1 dedazo al interior de Morena en la designaci\u00f3n de candidaturas para el pr\u00f3ximo proceso electoral, por lo que llam\u00f3 a los interesados en participar a ser respetuoso del sentir ciudadano.<\/p>\n\n\n\n<p class=\"wp-block-paragraph\">\u00abAcerca de la publicidad, aqu\u00ed hemos dicho que eso no s\u00f3lo es indebido e ilegal, sino que resulta contraproducente, porque la gente ya est\u00e1 muy informada, muy consciente y ya no se deja manipular con un cartel o un espectacular. (\u2026) Decirle a la gente que su voto es libre, es secreto\u00bb, detall\u00f3 el presidente.<\/p>\n\n\n\n<p class=\"wp-block-paragraph\">De acuerdo con la reportera Martha Obeso de Esfera Noticias, el diputado federal Ignacio Mier Velazco gasta aproximadamente 24 millones de pesos al mes, para mantener la renta de aproximadamente 600 espectaculares en las principales vialidades del estado de Puebla, ya que cada uno ronda entre los 40 mil pesos.<\/p>\n\n\n\n<p class=\"wp-block-paragraph\">Adem\u00e1s, hace unos d\u00edas, el aspirante a la presidencia de la Rep\u00fablica por el Partido del Trabajo (PT), Gerardo Fern\u00e1ndez Noro\u00f1a, critic\u00f3 que sus compa\u00f1eros de contienda Claudia Sheinbaum Pardo y Marcelo Ebrard Casaub\u00f3n han recurrido a la colocaci\u00f3n excesiva de bardas y espectaculares para promocionarse.<\/p>\n","protected":false},"excerpt":{"rendered":"<p>El presidente de M\u00e9xico, Andr\u00e9s Manuel L\u00f3pez Obrador, critic\u00f3 la promoci\u00f3n de pol\u00edticos a trav\u00e9s de espectaculares, aunque evit\u00f3 mencionar a los morenistas que han recurrido a \u00e9sta t\u00e9cnica en el marco de las elecciones 2024. En conferencia de prensa matutina, y a pregunta expresa sobre la propaganda del diputado federal de Morena, Ignacio Mier [&hellip;]<\/p>\n","protected":false},"author":4,"featured_media":31886,"comment_status":"open","ping_status":"open","sticky":false,"template":"","format":"standard","meta":{"om_disable_all_campaigns":false,"_monsterinsights_skip_tracking":false,"_monsterinsights_sitenote_active":false,"_monsterinsights_sitenote_note":"","_monsterinsights_sitenote_category":0,"footnotes":""},"categories":[176],"tags":[],"class_list":["post-31884","post","type-post","status-publish","format-standard","has-post-thumbnail","hentry","category-nacional"],"amp_enabled":true,"_links":{"self":[{"href":"https:\/\/lahora.mx\/index.php\/wp-json\/wp\/v2\/posts\/31884","targetHints":{"allow":["GET"]}}],"collection":[{"href":"https:\/\/lahora.mx\/index.php\/wp-json\/wp\/v2\/posts"}],"about":[{"href":"https:\/\/lahora.mx\/index.php\/wp-json\/wp\/v2\/types\/post"}],"author":[{"embeddable":true,"href":"https:\/\/lahora.mx\/index.php\/wp-json\/wp\/v2\/users\/4"}],"replies":[{"embeddable":true,"href":"https:\/\/lahora.mx\/index.php\/wp-json\/wp\/v2\/comments?post=31884"}],"version-history":[{"count":1,"href":"https:\/\/lahora.mx\/index.php\/wp-json\/wp\/v2\/posts\/31884\/revisions"}],"predecessor-version":[{"id":31887,"href":"https:\/\/lahora.mx\/index.php\/wp-json\/wp\/v2\/posts\/31884\/revisions\/31887"}],"wp:featuredmedia":[{"embeddable":true,"href":"https:\/\/lahora.mx\/index.php\/wp-json\/wp\/v2\/media\/31886"}],"wp:attachment":[{"href":"https:\/\/lahora.mx\/index.php\/wp-json\/wp\/v2\/media?parent=31884"}],"wp:term":[{"taxonomy":"category","embeddable":true,"href":"https:\/\/lahora.mx\/index.php\/wp-json\/wp\/v2\/categories?post=31884"},{"taxonomy":"post_tag","embeddable":true,"href":"https:\/\/lahora.mx\/index.php\/wp-json\/wp\/v2\/tags?post=31884"}],"curies":[{"name":"wp","href":"https:\/\/api.w.org\/{rel}","templated":true}]}}