{"id":31859,"date":"2023-08-22T22:48:52","date_gmt":"2023-08-22T22:48:52","guid":{"rendered":"http:\/\/lahora.mx\/?p=31859"},"modified":"2023-08-22T22:48:52","modified_gmt":"2023-08-22T22:48:52","slug":"estas-son-las-fechas-de-morena-y-el-frente-amplio-por-mexico-para-definir-sus-candidatos","status":"publish","type":"post","link":"https:\/\/lahora.mx\/index.php\/2023\/08\/22\/estas-son-las-fechas-de-morena-y-el-frente-amplio-por-mexico-para-definir-sus-candidatos\/","title":{"rendered":"Estas son las fechas de Morena y el Frente Amplio por M\u00e9xico para definir sus candidatos"},"content":{"rendered":"\n<p class=\"wp-block-paragraph\">Morena y el Frente Amplio por M\u00e9xico est\u00e1n pr\u00f3ximos a dar a conocer a sus candidatos presidenciales.<\/p>\n\n\n\n<p class=\"wp-block-paragraph\">Actualmente, Marcelo Ebrard, Claudia Sheinbaum, Ricardo Monreal y Ad\u00e1n Augusto L\u00f3pez son los aspirantes de Morena, mientras que Gerardo Fern\u00e1ndez Noro\u00f1a y Manuel Velasco Coello son los aspirantes del Partido del Trabajo y el Partido Verde, respectivamente.<\/p>\n\n\n\n<p class=\"wp-block-paragraph\">Respecto a la oposici\u00f3n, los aspirantes a encabezar el Frente Amplio por M\u00e9xico, alianza del PRI, PAN y PRD para competir por la Presidencia de la Rep\u00fablica son X\u00f3chitl G\u00e1lvez y Beatriz Paredes, luego de que este lunes declinara Santiago Creel.<\/p>\n\n\n\n<p class=\"wp-block-paragraph\">Fechas claves para la elecci\u00f3n de candidatos presidenciales<br>Durante sus procesos internos para elegir entre sus aspirantes a un candidato, el Frente opositor y Morena, han dado a conocer fechas clave para llevar a cabo este proceso.<\/p>\n\n\n\n<p class=\"wp-block-paragraph\"><br>Esta son las fechas en que el Frente Amplio por M\u00e9xico y Morena dar\u00e1n a conocer a sus candidatos.<\/p>\n\n\n\n<p class=\"wp-block-paragraph\">Morena<\/p>\n\n\n\n<ul class=\"wp-block-list\">\n<li>Un d\u00eda despu\u00e9s de que concluyan los recorridos por el pa\u00eds de los aspirantes, es decir, del 28 al 3 de septiembre, Morena har\u00e1 el levantamiento de su encuesta.<\/li>\n<\/ul>\n\n\n\n<ul class=\"wp-block-list\">\n<li>Del 4 al 6 de septiembre se procesar\u00e1 la informaci\u00f3n recabada en la encuesta.<\/li>\n\n\n\n<li>El mi\u00e9rcoles 6 de septiembre se dar\u00e1n a conocer los resultados.<\/li>\n<\/ul>\n\n\n\n<p class=\"wp-block-paragraph\"><\/p>\n\n\n\n<p class=\"wp-block-paragraph\">Frente Amplio por M\u00e9xico<\/p>\n\n\n\n<ul class=\"wp-block-list\">\n<li>Del 27 al 30 de agosto se realizar\u00e1 un segundo sondeo de opini\u00f3n p\u00fablica, cuyo resultado equivaldr\u00e1 al 50 por ciento del puntaje necesario para obtener la candidatura presidencial.<\/li>\n\n\n\n<li>El 3 de septiembre se realizar\u00e1 una votaci\u00f3n a trav\u00e9s de internet para seleccionar al candidato de la coalici\u00f3n. Este resultado equivaldr\u00e1 al 50 por ciento del puntaje necesario para la postulaci\u00f3n.<\/li>\n\n\n\n<li>Ese mismo d\u00eda, es decir, el domingo 3 de septiembre, se dar\u00e1 a conocer a la ganadora de la candidatura por la Presidencia.<\/li>\n<\/ul>\n","protected":false},"excerpt":{"rendered":"<p>Morena y el Frente Amplio por M\u00e9xico est\u00e1n pr\u00f3ximos a dar a conocer a sus candidatos presidenciales. Actualmente, Marcelo Ebrard, Claudia Sheinbaum, Ricardo Monreal y Ad\u00e1n Augusto L\u00f3pez son los aspirantes de Morena, mientras que Gerardo Fern\u00e1ndez Noro\u00f1a y Manuel Velasco Coello son los aspirantes del Partido del Trabajo y el Partido Verde, respectivamente. Respecto [&hellip;]<\/p>\n","protected":false},"author":4,"featured_media":31860,"comment_status":"open","ping_status":"open","sticky":false,"template":"","format":"standard","meta":{"om_disable_all_campaigns":false,"_monsterinsights_skip_tracking":false,"footnotes":""},"categories":[176],"tags":[],"class_list":["post-31859","post","type-post","status-publish","format-standard","has-post-thumbnail","hentry","category-nacional"],"amp_enabled":true,"_links":{"self":[{"href":"https:\/\/lahora.mx\/index.php\/wp-json\/wp\/v2\/posts\/31859","targetHints":{"allow":["GET"]}}],"collection":[{"href":"https:\/\/lahora.mx\/index.php\/wp-json\/wp\/v2\/posts"}],"about":[{"href":"https:\/\/lahora.mx\/index.php\/wp-json\/wp\/v2\/types\/post"}],"author":[{"embeddable":true,"href":"https:\/\/lahora.mx\/index.php\/wp-json\/wp\/v2\/users\/4"}],"replies":[{"embeddable":true,"href":"https:\/\/lahora.mx\/index.php\/wp-json\/wp\/v2\/comments?post=31859"}],"version-history":[{"count":1,"href":"https:\/\/lahora.mx\/index.php\/wp-json\/wp\/v2\/posts\/31859\/revisions"}],"predecessor-version":[{"id":31861,"href":"https:\/\/lahora.mx\/index.php\/wp-json\/wp\/v2\/posts\/31859\/revisions\/31861"}],"wp:featuredmedia":[{"embeddable":true,"href":"https:\/\/lahora.mx\/index.php\/wp-json\/wp\/v2\/media\/31860"}],"wp:attachment":[{"href":"https:\/\/lahora.mx\/index.php\/wp-json\/wp\/v2\/media?parent=31859"}],"wp:term":[{"taxonomy":"category","embeddable":true,"href":"https:\/\/lahora.mx\/index.php\/wp-json\/wp\/v2\/categories?post=31859"},{"taxonomy":"post_tag","embeddable":true,"href":"https:\/\/lahora.mx\/index.php\/wp-json\/wp\/v2\/tags?post=31859"}],"curies":[{"name":"wp","href":"https:\/\/api.w.org\/{rel}","templated":true}]}}