{"id":3177,"date":"2022-02-16T14:48:12","date_gmt":"2022-02-16T14:48:12","guid":{"rendered":"http:\/\/lahora.mx\/?p=3177"},"modified":"2022-02-16T14:48:13","modified_gmt":"2022-02-16T14:48:13","slug":"secuestran-pareja-de-jovenes-en-acatzingo","status":"publish","type":"post","link":"https:\/\/lahora.mx\/index.php\/2022\/02\/16\/secuestran-pareja-de-jovenes-en-acatzingo\/","title":{"rendered":"Secuestran pareja de jovenes en Acatzingo"},"content":{"rendered":"\n<p>Se trata de&nbsp;<strong>Yaireth Amairani S.L, de 19 a\u00f1os de edad y \u00c1ngel Uriel R.R., de 18 a\u00f1os.<\/strong>&nbsp;El&nbsp;<strong>lunes 14 de febrero<\/strong>, D\u00eda del Amor y la Amistad, estaban juntos al interior de un coche&nbsp;<strong>Suzuki color blanco con placas de circulaci\u00f3n TTV-746-A<\/strong>&nbsp;y despu\u00e9s desaparecieron.<\/p>\n\n\n\n<p>Testigos se\u00f1alaron que la pareja estaba en la&nbsp;<strong>quinta secci\u00f3n de la localidad de Actipan de Morelos<\/strong>&nbsp;cuando&nbsp;<strong>dos hombres armados<\/strong>&nbsp;que viajaban en una&nbsp;<strong>motocicleta<\/strong>&nbsp;se los llevaron&nbsp;<strong>con todo y el veh\u00edculo<\/strong>. Desde ese momento su familia&nbsp;<strong>perdi\u00f3 contacto con ellos.<\/strong><\/p>\n\n\n\n<p>La fotograf\u00eda de los dos j\u00f3venes fue publicada por un medio de comunicaci\u00f3n de la regi\u00f3n y ah\u00ed se detall\u00f3 que Yaireth vest\u00eda una playera blanca con rayas negras y pantal\u00f3n azul mientras que\u00a0<strong>\u00c1ngel llevaba una chamarra color verde militar y pantal\u00f3n de mezclilla azul.<\/strong><br><\/p>\n","protected":false},"excerpt":{"rendered":"<p>Se trata de&nbsp;Yaireth Amairani S.L, de 19 a\u00f1os de edad y \u00c1ngel Uriel R.R., de 18 a\u00f1os.&nbsp;El&nbsp;lunes 14 de febrero, D\u00eda del Amor y la Amistad, estaban juntos al interior de un coche&nbsp;Suzuki color blanco con placas de circulaci\u00f3n TTV-746-A&nbsp;y despu\u00e9s desaparecieron. Testigos se\u00f1alaron que la pareja estaba en la&nbsp;quinta secci\u00f3n de la localidad de [&hellip;]<\/p>\n","protected":false},"author":4,"featured_media":3178,"comment_status":"open","ping_status":"open","sticky":false,"template":"","format":"standard","meta":{"om_disable_all_campaigns":false,"_monsterinsights_skip_tracking":false,"_monsterinsights_sitenote_active":false,"_monsterinsights_sitenote_note":"","_monsterinsights_sitenote_category":0,"footnotes":""},"categories":[175],"tags":[225,195],"class_list":["post-3177","post","type-post","status-publish","format-standard","has-post-thumbnail","hentry","category-local","tag-policia","tag-principal"],"amp_enabled":true,"_links":{"self":[{"href":"https:\/\/lahora.mx\/index.php\/wp-json\/wp\/v2\/posts\/3177","targetHints":{"allow":["GET"]}}],"collection":[{"href":"https:\/\/lahora.mx\/index.php\/wp-json\/wp\/v2\/posts"}],"about":[{"href":"https:\/\/lahora.mx\/index.php\/wp-json\/wp\/v2\/types\/post"}],"author":[{"embeddable":true,"href":"https:\/\/lahora.mx\/index.php\/wp-json\/wp\/v2\/users\/4"}],"replies":[{"embeddable":true,"href":"https:\/\/lahora.mx\/index.php\/wp-json\/wp\/v2\/comments?post=3177"}],"version-history":[{"count":1,"href":"https:\/\/lahora.mx\/index.php\/wp-json\/wp\/v2\/posts\/3177\/revisions"}],"predecessor-version":[{"id":3179,"href":"https:\/\/lahora.mx\/index.php\/wp-json\/wp\/v2\/posts\/3177\/revisions\/3179"}],"wp:featuredmedia":[{"embeddable":true,"href":"https:\/\/lahora.mx\/index.php\/wp-json\/wp\/v2\/media\/3178"}],"wp:attachment":[{"href":"https:\/\/lahora.mx\/index.php\/wp-json\/wp\/v2\/media?parent=3177"}],"wp:term":[{"taxonomy":"category","embeddable":true,"href":"https:\/\/lahora.mx\/index.php\/wp-json\/wp\/v2\/categories?post=3177"},{"taxonomy":"post_tag","embeddable":true,"href":"https:\/\/lahora.mx\/index.php\/wp-json\/wp\/v2\/tags?post=3177"}],"curies":[{"name":"wp","href":"https:\/\/api.w.org\/{rel}","templated":true}]}}