{"id":31692,"date":"2023-08-18T23:57:56","date_gmt":"2023-08-18T23:57:56","guid":{"rendered":"http:\/\/lahora.mx\/?p=31692"},"modified":"2023-08-18T23:57:56","modified_gmt":"2023-08-18T23:57:56","slug":"con-premio-estatal-de-la-juventud-reconocen-a-jovenes-de-tlaxcala-por-mostrar-liderazgo","status":"publish","type":"post","link":"https:\/\/lahora.mx\/index.php\/2023\/08\/18\/con-premio-estatal-de-la-juventud-reconocen-a-jovenes-de-tlaxcala-por-mostrar-liderazgo\/","title":{"rendered":"Con Premio Estatal de la Juventud, reconocen a j\u00f3venes de Tlaxcala por mostrar liderazgo"},"content":{"rendered":"\n<p>Por sus contribuciones en los diferentes \u00e1mbitos de desarrollo, el gobierno de Tlaxcala reconoci\u00f3 con el Premio Estatal de la Juventud 2023 a ocho j\u00f3venes que destacan en su liderazgo, talento, responsabilidad y compromiso social en sus diferentes municipios.<\/p>\n\n\n\n<p>Desde el Patio Central de Palacio de Gobierno, la gobernadora Lorena Cu\u00e9llar Cisneros entreg\u00f3 el reconocimiento en Logro Acad\u00e9mico a Yesenia Fern\u00e1ndez P\u00e9rez; por Expresiones Art\u00edsticas y Artes Populares a Mar\u00eda Guadalupe Mu\u00f1oz Esponda; por Compromiso Social a Mariana Nolasco Alc\u00e1ntara; y en Ingenio Emprendedor a Ricardo Hern\u00e1ndez Xochitemol.<\/p>\n\n\n\n<p>Mientras que el premio en Discapacidad e Integraci\u00f3n fue para Misael de la Cruz Hern\u00e1ndez; el de Aportaci\u00f3n a la Cultura Pol\u00edtica y Democracia, para Luis Alberto Delgado L\u00f3pez; de Ciencia y Tecnolog\u00eda para Kevin Xelhuanzi Romano; y el de fortalecimiento a la Cultura Ind\u00edgena fue entregado a Uriel \u00c1ngel Vel\u00e1zquez.<\/p>\n\n\n\n<p>Posteriormente, en su mensaje la jefa del Ejecutivo celebr\u00f3 el reconocimiento a la juventud tlaxcalteca por representar un sector que inspira al ser una fuerza vital en la transformaci\u00f3n y pilar de desarrollo social de la entidad, pues dijo que el camino hacia la transformaci\u00f3n exige autenticidad y honestidad, apegados a los principios de justicia y fraternidad, valores de la juventud.<\/p>\n\n\n\n<p>Ante la presencia de diputadas locales, funcionarios estatales y familiares de los galardonados, Lorena Cu\u00e9llar subray\u00f3 que el talento y desempe\u00f1o de cada uno de los j\u00f3venes premiados los une, engrandece como un estado solidario, aunado a que Tlaxcala gana visibilidad y liderazgo local, nacional e internacional. Los galardonados dan ejemplo de compromiso y de inspiraci\u00f3n para sus semejantes.<\/p>\n\n\n\n<p>Tras felicitarlos por su dedicaci\u00f3n, esfuerzo y compromiso, Cu\u00e9llar Cisneros consider\u00f3 que los tlaxcaltecas est\u00e1n hechos de sangre guerrera, pues nada ni nadie los puede detener. Los logros se cumplen cuando hay constancia y perseverancia, es no parar para llegar al objetivo trazado.<\/p>\n\n\n\n<p>Hacer a un lado las adversidades, es lo que ha hecho cada uno. El estar con nosotros, tener el reconocimiento significa que han hecho algo distinto en sus vidas. Deseo que lo sigan haciendo por el bien de cada uno de ustedes, de Tlaxcala. Me siento orgullosa de todas y todos, representan a un sector muy inspirador<br>, asever\u00f3.<\/p>\n\n\n\n<p>Luego, dese\u00f3 que los j\u00f3venes cumplan sus sue\u00f1os, contagien a sus similares en sus \u00e9xitos, luchen por sus ideales, sue\u00f1os y lo que digan se convierta en realidad porque sus esfuerzos ser\u00e1n recompensados.<\/p>\n\n\n\n<p>En representaci\u00f3n de los galardonados, Uriel \u00c1ngel Vel\u00e1zquez, de Ixtenco, puntualiz\u00f3 que el galard\u00f3n es un incentivo para mejorar en sus diferentes trincheras de la juventud, al tiempo que agradeci\u00f3 que el gobierno del estado los premie.<\/p>\n\n\n\n<p>Este premio m\u00e1s que es ser un s\u00edmbolo de la trayectoria de a\u00f1os, es un compromiso par continuar con lo que m\u00e1s nos gusta hacer. Por el bien de nuestras comunidades, de nuestro estado y del pa\u00eds. Agradecemos que el gobierno por medio del Instituto Tlaxcalteca de la Juventud se haya preocupado por nuestra labor, valoramos este tipo de acciones<br>, mencion\u00f3.<\/p>\n\n\n\n<p>Tras agradecer en otom\u00ed ser galardonado, opin\u00f3 que el gobierno de Cu\u00e9llar Cisneros demuestra que le importa el futuro de los j\u00f3venes y el desarrollo local, pues est\u00e1 en la sangre tlaxcalteca el esp\u00edritu de lucha ante toda adversidad. Los ancestros ense\u00f1aron a nunca rendirse, doblegarse y siempre buscar el bien de los pueblos.<\/p>\n\n\n\n<p>ITJ: MES DE LA JUVENTUD TIENE ACTIVIDADES CULTURALES<br>Antes, la directora del Instituto Tlaxcalteca de la Juventud, Lucero Morales Tzompa, refiri\u00f3 que a prop\u00f3sito del mes de la juventud, en agosto, realizan diversas actividades culturales y recreativas con este sector, entregaron apoyos en especie y econ\u00f3micos, buscando incidir en mejorar las condiciones actuales de vida, as\u00ed como promover su participaci\u00f3n en actividades que les permitan desarrollarse profesional y personalmente.<\/p>\n\n\n\n<p>Tras anotar que la Gobernadora es fiel aliada de las juventudes tlaxcaltecas, dijo que el tiempo de los j\u00f3venes no es un futuro, es un presente, por eso celebr\u00f3 la participaci\u00f3n de los interesados en la convocatoria del Premio Estatal de Periodismo 2023, con 142 participantes.<\/p>\n","protected":false},"excerpt":{"rendered":"<p>Por sus contribuciones en los diferentes \u00e1mbitos de desarrollo, el gobierno de Tlaxcala reconoci\u00f3 con el Premio Estatal de la Juventud 2023 a ocho j\u00f3venes que destacan en su liderazgo, talento, responsabilidad y compromiso social en sus diferentes municipios. Desde el Patio Central de Palacio de Gobierno, la gobernadora Lorena Cu\u00e9llar Cisneros entreg\u00f3 el reconocimiento [&hellip;]<\/p>\n","protected":false},"author":4,"featured_media":31693,"comment_status":"open","ping_status":"open","sticky":false,"template":"","format":"standard","meta":{"om_disable_all_campaigns":false,"_monsterinsights_skip_tracking":false,"_monsterinsights_sitenote_active":false,"_monsterinsights_sitenote_note":"","_monsterinsights_sitenote_category":0,"footnotes":""},"categories":[1],"tags":[223,210],"class_list":["post-31692","post","type-post","status-publish","format-standard","has-post-thumbnail","hentry","category-sin-categoria","tag-puebla","tag-tlaxcala"],"amp_enabled":true,"_links":{"self":[{"href":"https:\/\/lahora.mx\/index.php\/wp-json\/wp\/v2\/posts\/31692","targetHints":{"allow":["GET"]}}],"collection":[{"href":"https:\/\/lahora.mx\/index.php\/wp-json\/wp\/v2\/posts"}],"about":[{"href":"https:\/\/lahora.mx\/index.php\/wp-json\/wp\/v2\/types\/post"}],"author":[{"embeddable":true,"href":"https:\/\/lahora.mx\/index.php\/wp-json\/wp\/v2\/users\/4"}],"replies":[{"embeddable":true,"href":"https:\/\/lahora.mx\/index.php\/wp-json\/wp\/v2\/comments?post=31692"}],"version-history":[{"count":1,"href":"https:\/\/lahora.mx\/index.php\/wp-json\/wp\/v2\/posts\/31692\/revisions"}],"predecessor-version":[{"id":31694,"href":"https:\/\/lahora.mx\/index.php\/wp-json\/wp\/v2\/posts\/31692\/revisions\/31694"}],"wp:featuredmedia":[{"embeddable":true,"href":"https:\/\/lahora.mx\/index.php\/wp-json\/wp\/v2\/media\/31693"}],"wp:attachment":[{"href":"https:\/\/lahora.mx\/index.php\/wp-json\/wp\/v2\/media?parent=31692"}],"wp:term":[{"taxonomy":"category","embeddable":true,"href":"https:\/\/lahora.mx\/index.php\/wp-json\/wp\/v2\/categories?post=31692"},{"taxonomy":"post_tag","embeddable":true,"href":"https:\/\/lahora.mx\/index.php\/wp-json\/wp\/v2\/tags?post=31692"}],"curies":[{"name":"wp","href":"https:\/\/api.w.org\/{rel}","templated":true}]}}