{"id":31616,"date":"2023-08-17T16:52:01","date_gmt":"2023-08-17T16:52:01","guid":{"rendered":"http:\/\/lahora.mx\/?p=31616"},"modified":"2023-08-17T16:52:01","modified_gmt":"2023-08-17T16:52:01","slug":"amlo-niega-burlarse-de-caso-lagos-de-moreno","status":"publish","type":"post","link":"https:\/\/lahora.mx\/index.php\/2023\/08\/17\/amlo-niega-burlarse-de-caso-lagos-de-moreno\/","title":{"rendered":"AMLO niega burlarse de caso Lagos de Moreno"},"content":{"rendered":"\n<p>El presidente Andr\u00e9s Manuel L\u00f3pez Obrador afirm\u00f3 no haber escuchado ayer las preguntas que los reporteros le hicieron sobre el caso Lagos de Moreno, donde desaparecieron y asesinaron a cinco j\u00f3venes, por lo que asegur\u00f3 que no pedir\u00e1 disculpas, dado que fue un invento de la prensa.<\/p>\n\n\n\n<p>Fue al final de su conferencia de prensa matutina que algunos reporteros gritaron \u201cLagos de Moreno\u201d para que el mandatario hablara sobre el tema, sin embargo, \u00e9ste solo se regres\u00f3 a contar un chiste para hacer alusi\u00f3n a que no escuchaba, acci\u00f3n que fue calificada como una burla.<\/p>\n\n\n\n<p>Por lo anterior, hoy 17 de agosto, al inicio de su \u201cma\u00f1anera\u201d, L\u00f3pez Obrador explic\u00f3 que cont\u00f3 el chiste porque no escuch\u00f3 nada y acus\u00f3 a la prensa de haber actuado en su contra al se\u00f1alar que se burl\u00f3 del caso:<\/p>\n\n\n\n<p>\u201cAyer, al final de la conferencia, empezaron a gritar y no escuch\u00e9 nada, tan es as\u00ed que por eso cont\u00e9 ese chiste y sin ning\u00fan fundamento, de manera perversa, sostuvieron todo el d\u00eda en la prensa vendida y alquilada que yo me hab\u00eda burlado cuando me preguntaron sobre los j\u00f3venes que asesinaron, desaparecieron, en los Altos de Jalisco; toda una mentira, una infamia\u201d, revir\u00f3 el presidente.<br>Asimismo, afirm\u00f3 que no pedir\u00eda disculpas por el hecho, dado que fue \u201cun invento\u201d de la prensa:<\/p>\n\n\n\n<p>\u201cNo tengo por qu\u00e9 ofrecer disculpas, porque fue un invento; estamos atendiendo el tema del asesinato de estos j\u00f3venes. \u00bfUstedes creen que, si yo escucho que me est\u00e1n preguntando sobre eso, no contesto?\u201d, a\u00f1adi\u00f3.<\/p>\n\n\n\n<p>Incluso, AMLO calific\u00f3 al bloque opositor de haber difundido su supuesta burla por el caso Lagos de Moreno, entre los que, sin decir nombres, se\u00f1al\u00f3 a la senadora X\u00f3chitl G\u00e1lvez: \u201cLos que pertenecen al bloque conservador; una aspirante a la presidencia, corrupta; otros aspirantes corruptos, y desde luego los representantes de los gobiernos neoliberales o neoporfiristas, representantes de la oligarqu\u00eda y todos los medios con honrosas excepciones\u201d.<\/p>\n","protected":false},"excerpt":{"rendered":"<p>El presidente Andr\u00e9s Manuel L\u00f3pez Obrador afirm\u00f3 no haber escuchado ayer las preguntas que los reporteros le hicieron sobre el caso Lagos de Moreno, donde desaparecieron y asesinaron a cinco j\u00f3venes, por lo que asegur\u00f3 que no pedir\u00e1 disculpas, dado que fue un invento de la prensa. Fue al final de su conferencia de prensa [&hellip;]<\/p>\n","protected":false},"author":4,"featured_media":31617,"comment_status":"open","ping_status":"open","sticky":false,"template":"","format":"standard","meta":{"om_disable_all_campaigns":false,"_monsterinsights_skip_tracking":false,"_monsterinsights_sitenote_active":false,"_monsterinsights_sitenote_note":"","_monsterinsights_sitenote_category":0,"footnotes":""},"categories":[176],"tags":[],"class_list":["post-31616","post","type-post","status-publish","format-standard","has-post-thumbnail","hentry","category-nacional"],"amp_enabled":true,"_links":{"self":[{"href":"https:\/\/lahora.mx\/index.php\/wp-json\/wp\/v2\/posts\/31616","targetHints":{"allow":["GET"]}}],"collection":[{"href":"https:\/\/lahora.mx\/index.php\/wp-json\/wp\/v2\/posts"}],"about":[{"href":"https:\/\/lahora.mx\/index.php\/wp-json\/wp\/v2\/types\/post"}],"author":[{"embeddable":true,"href":"https:\/\/lahora.mx\/index.php\/wp-json\/wp\/v2\/users\/4"}],"replies":[{"embeddable":true,"href":"https:\/\/lahora.mx\/index.php\/wp-json\/wp\/v2\/comments?post=31616"}],"version-history":[{"count":1,"href":"https:\/\/lahora.mx\/index.php\/wp-json\/wp\/v2\/posts\/31616\/revisions"}],"predecessor-version":[{"id":31618,"href":"https:\/\/lahora.mx\/index.php\/wp-json\/wp\/v2\/posts\/31616\/revisions\/31618"}],"wp:featuredmedia":[{"embeddable":true,"href":"https:\/\/lahora.mx\/index.php\/wp-json\/wp\/v2\/media\/31617"}],"wp:attachment":[{"href":"https:\/\/lahora.mx\/index.php\/wp-json\/wp\/v2\/media?parent=31616"}],"wp:term":[{"taxonomy":"category","embeddable":true,"href":"https:\/\/lahora.mx\/index.php\/wp-json\/wp\/v2\/categories?post=31616"},{"taxonomy":"post_tag","embeddable":true,"href":"https:\/\/lahora.mx\/index.php\/wp-json\/wp\/v2\/tags?post=31616"}],"curies":[{"name":"wp","href":"https:\/\/api.w.org\/{rel}","templated":true}]}}