{"id":31605,"date":"2023-08-16T22:58:04","date_gmt":"2023-08-16T22:58:04","guid":{"rendered":"http:\/\/lahora.mx\/?p=31605"},"modified":"2023-08-16T22:58:04","modified_gmt":"2023-08-16T22:58:04","slug":"una-falta-de-respeto-el-desden-de-ebrard-a-perfiles-morena-menciona-adan-augusto","status":"publish","type":"post","link":"https:\/\/lahora.mx\/index.php\/2023\/08\/16\/una-falta-de-respeto-el-desden-de-ebrard-a-perfiles-morena-menciona-adan-augusto\/","title":{"rendered":"Una falta de respeto el desd\u00e9n de Ebrard a perfiles Morena menciona Ad\u00e1n Augusto."},"content":{"rendered":"\n<p>El exsecretario de Gobernaci\u00f3n federal, Ad\u00e1n Augusto L\u00f3pez Hern\u00e1ndez, calific\u00f3 como \u00abuna falta de respeto\u00bb las declaraciones del exsecretario de Relaciones Exteriores, Marcelo Ebrard Casaub\u00f3n, quien delimit\u00f3 la contienda interna de Morena a dos perfiles: Claudia Sheinbaum y el se\u00f1alado.<\/p>\n\n\n\n<p>De acuerdo con el pron\u00f3stico de Marcelo Ebrard, fundamentado en las encuestas publicadas en los \u00faltimos meses, la elecci\u00f3n del candidato a la presidencia de la Rep\u00fablica se limitar\u00e1 s\u00f3lo a su perfil y a la exjefa de Gobierno de la Ciudad de M\u00e9xico, Claudia Sheinbaum Pardo.<\/p>\n\n\n\n<p>En entrevista al finalizar su asamblea informativa en el municipio de Cuautlancingo, Puebla, Ad\u00e1n Augusto L\u00f3pez record\u00f3 que hay seis aspirantes a la Coordinaci\u00f3n de los Comit\u00e9s de Defensa de la Cuarta Transformaci\u00f3n, por lo que pidi\u00f3 no minimizar los esfuerzos de ninguno y no caer en la desesperaci\u00f3n.<\/p>\n\n\n\n<p>Afirm\u00f3 que \u00e9l tiene \u00abentera confianza\u00bb en la medici\u00f3n interna, porque no ha presenciado ninguna irregularidad y asegur\u00f3 que las presuntas confrontaciones o favoritismos son una estrategia medi\u00e1tica, aunque no quiso responsabilizar a alguien en espec\u00edfico.<br>El exfuncionario federal resalt\u00f3 que ser\u00e1 paciente y esperar\u00e1 el desahogo de todas las etapas del proceso, mismo que, confi\u00f3, concluir\u00e1 en unidad; raz\u00f3n por la que no declinar\u00e1 por ninguno de sus compa\u00f1eros y llam\u00f3 a no caer en la \u00abpercepci\u00f3n pagada de las encuestas\u00bb.<\/p>\n\n\n\n<p>\u00abSon tiempos de paciencia para construir la unidad. (\u2026) Somos seis los compa\u00f1eros que estamos participando, hago un llamado a no caer en la desesperaci\u00f3n. (\u2026) Las encuestas se publican por la paga, ya es un cuento viejo todo eso\u00bb, coment\u00f3 L\u00f3pez Hern\u00e1ndez.<\/p>\n\n\n\n<p>Con discurso reciclado re\u00fane a m\u00e1s de 4 mil en Cuautlancingo<br>Al grito de \u00abAd\u00e1n, amigo, el pueblo est\u00e1 contigo\u00bb, poco m\u00e1s de 4 mil personas recibieron en el municipio de Cuautlancingo al aspirante a la presidencia de la Rep\u00fablica por Morena, Ad\u00e1n Augusto L\u00f3pez Hern\u00e1ndez.<br>Desde el predio manzanares, el exfuncionario federal ofreci\u00f3 una asamblea informativa en la que recicl\u00f3 el discurso que us\u00f3 durante su primera visita a la entidad, el 23 de julio, cuando defendi\u00f3 la continuidad de los apoyos sociales y agradeci\u00f3 el apoyo del diputado federal Ignacio Mier Velazco.<\/p>\n\n\n\n<p>Tambi\u00e9n llam\u00f3 a los poblanos a apoyar la actual administraci\u00f3n del gobernador Sergio Salom\u00f3n C\u00e9spedes peregrina, quien ha trabajado por alcanzar la reconciliaci\u00f3n y estabilidad en el estado.<\/p>\n\n\n\n<p>\u00abDesde aqu\u00ed, yo le mando un abrazo. Lo hago porque es hora de cerrar filas en torno al gobernador, en torno al gobierno. Nosotros no podemos darnos el lujo de que este movimiento se divida (\u2026). Si le va bien al gobernador, le va a ir bien a Puebla\u00bb, concluy\u00f3.<\/p>\n\n\n\n<p>Fue as\u00ed que Ad\u00e1n Augusto dijo que es una falta de respeto el desd\u00e9n de Ebrard a perfiles Morena.<\/p>\n","protected":false},"excerpt":{"rendered":"<p>El exsecretario de Gobernaci\u00f3n federal, Ad\u00e1n Augusto L\u00f3pez Hern\u00e1ndez, calific\u00f3 como \u00abuna falta de respeto\u00bb las declaraciones del exsecretario de Relaciones Exteriores, Marcelo Ebrard Casaub\u00f3n, quien delimit\u00f3 la contienda interna de Morena a dos perfiles: Claudia Sheinbaum y el se\u00f1alado. De acuerdo con el pron\u00f3stico de Marcelo Ebrard, fundamentado en las encuestas publicadas en los [&hellip;]<\/p>\n","protected":false},"author":4,"featured_media":31606,"comment_status":"open","ping_status":"open","sticky":false,"template":"","format":"standard","meta":{"om_disable_all_campaigns":false,"_monsterinsights_skip_tracking":false,"_monsterinsights_sitenote_active":false,"_monsterinsights_sitenote_note":"","_monsterinsights_sitenote_category":0,"footnotes":""},"categories":[176],"tags":[128],"class_list":["post-31605","post","type-post","status-publish","format-standard","has-post-thumbnail","hentry","category-nacional","tag-politics"],"amp_enabled":true,"_links":{"self":[{"href":"https:\/\/lahora.mx\/index.php\/wp-json\/wp\/v2\/posts\/31605","targetHints":{"allow":["GET"]}}],"collection":[{"href":"https:\/\/lahora.mx\/index.php\/wp-json\/wp\/v2\/posts"}],"about":[{"href":"https:\/\/lahora.mx\/index.php\/wp-json\/wp\/v2\/types\/post"}],"author":[{"embeddable":true,"href":"https:\/\/lahora.mx\/index.php\/wp-json\/wp\/v2\/users\/4"}],"replies":[{"embeddable":true,"href":"https:\/\/lahora.mx\/index.php\/wp-json\/wp\/v2\/comments?post=31605"}],"version-history":[{"count":1,"href":"https:\/\/lahora.mx\/index.php\/wp-json\/wp\/v2\/posts\/31605\/revisions"}],"predecessor-version":[{"id":31607,"href":"https:\/\/lahora.mx\/index.php\/wp-json\/wp\/v2\/posts\/31605\/revisions\/31607"}],"wp:featuredmedia":[{"embeddable":true,"href":"https:\/\/lahora.mx\/index.php\/wp-json\/wp\/v2\/media\/31606"}],"wp:attachment":[{"href":"https:\/\/lahora.mx\/index.php\/wp-json\/wp\/v2\/media?parent=31605"}],"wp:term":[{"taxonomy":"category","embeddable":true,"href":"https:\/\/lahora.mx\/index.php\/wp-json\/wp\/v2\/categories?post=31605"},{"taxonomy":"post_tag","embeddable":true,"href":"https:\/\/lahora.mx\/index.php\/wp-json\/wp\/v2\/tags?post=31605"}],"curies":[{"name":"wp","href":"https:\/\/api.w.org\/{rel}","templated":true}]}}