{"id":31574,"date":"2023-08-16T20:02:19","date_gmt":"2023-08-16T20:02:19","guid":{"rendered":"http:\/\/lahora.mx\/?p=31574"},"modified":"2023-08-16T20:02:19","modified_gmt":"2023-08-16T20:02:19","slug":"inicia-curso-de-enfermeria-en-acatzingo","status":"publish","type":"post","link":"https:\/\/lahora.mx\/index.php\/2023\/08\/16\/inicia-curso-de-enfermeria-en-acatzingo\/","title":{"rendered":"Inicia curso de Enfermer\u00eda en Acatzingo"},"content":{"rendered":"\n<p>El ayuntamiento de Acatzingo a trav\u00e9s del Sistema Municipal DIF (SMDIF) en colaboraci\u00f3n con el Instituto de Capacitaci\u00f3n para el Trabajo del Estado de Puebla (ICATEP) puso en marcha el curso \u00abCuidado B\u00e1sicos del Paciente\u00bb el pasado 14 de agosto de 2023, el cual fue dirigido a las titulares de las Casas de Salud e integrantes de la Unidad B\u00e1sica de Rehabilitaci\u00f3n (UBR), inform\u00f3 la titular del SMDIF, Arantza Velez Clemente.<\/p>\n\n\n\n<p>Al respecto, la presidente del SMDIF de Acatzingo dio a conocer que, gracias al respaldo del cuerpo edilicio y de su esposo, el alcalde, Abrah\u00e1n Mart\u00ednez Jim\u00e9nez, se logr\u00f3 brindar las becas al cien por ciento a todos los participantes de la UBR y de las Casas de Salud. Dicho curso, destac\u00f3, es con el fin de ofrecer un servicio de calidad a la ciudadan\u00eda.<\/p>\n\n\n\n<p>\u00abEste curso es en colaboraci\u00f3n con el Instituto de Capacitaci\u00f3n para el Trabajo del Estado de Puebla quien sin duda nos garantiza un curso de calidad y con validez oficial SEP. Este solo es el inicio de la especialidad, por lo que en los pr\u00f3ximos d\u00edas anunciaremos la especialidad en \u00abAuxiliar de enfermer\u00eda\u00bb en el municipio, sum\u00e1ndose al proyecto que en d\u00edas pasados anunci\u00f3 mi esposo sobre el inicio de la licenciatura en enfermer\u00eda por la BUAP\u00bb, resalt\u00f3 Arantza Velez.<\/p>\n\n\n\n<p>Finalmente, la titular del SMDIF de Acatzingo asegur\u00f3 que a trav\u00e9s de la dependencia a su cargo continuar\u00e1 gestionando otros cursos, as\u00ed como acercando los programas de los tres niveles de gobierno a quienes m\u00e1s lo necesiten.<\/p>\n","protected":false},"excerpt":{"rendered":"<p>El ayuntamiento de Acatzingo a trav\u00e9s del Sistema Municipal DIF (SMDIF) en colaboraci\u00f3n con el Instituto de Capacitaci\u00f3n para el Trabajo del Estado de Puebla (ICATEP) puso en marcha el curso \u00abCuidado B\u00e1sicos del Paciente\u00bb el pasado 14 de agosto de 2023, el cual fue dirigido a las titulares de las Casas de Salud e [&hellip;]<\/p>\n","protected":false},"author":4,"featured_media":31575,"comment_status":"open","ping_status":"open","sticky":false,"template":"","format":"standard","meta":{"om_disable_all_campaigns":false,"_monsterinsights_skip_tracking":false,"_monsterinsights_sitenote_active":false,"_monsterinsights_sitenote_note":"","_monsterinsights_sitenote_category":0,"footnotes":""},"categories":[175],"tags":[223],"class_list":["post-31574","post","type-post","status-publish","format-standard","has-post-thumbnail","hentry","category-local","tag-puebla"],"amp_enabled":true,"_links":{"self":[{"href":"https:\/\/lahora.mx\/index.php\/wp-json\/wp\/v2\/posts\/31574","targetHints":{"allow":["GET"]}}],"collection":[{"href":"https:\/\/lahora.mx\/index.php\/wp-json\/wp\/v2\/posts"}],"about":[{"href":"https:\/\/lahora.mx\/index.php\/wp-json\/wp\/v2\/types\/post"}],"author":[{"embeddable":true,"href":"https:\/\/lahora.mx\/index.php\/wp-json\/wp\/v2\/users\/4"}],"replies":[{"embeddable":true,"href":"https:\/\/lahora.mx\/index.php\/wp-json\/wp\/v2\/comments?post=31574"}],"version-history":[{"count":1,"href":"https:\/\/lahora.mx\/index.php\/wp-json\/wp\/v2\/posts\/31574\/revisions"}],"predecessor-version":[{"id":31576,"href":"https:\/\/lahora.mx\/index.php\/wp-json\/wp\/v2\/posts\/31574\/revisions\/31576"}],"wp:featuredmedia":[{"embeddable":true,"href":"https:\/\/lahora.mx\/index.php\/wp-json\/wp\/v2\/media\/31575"}],"wp:attachment":[{"href":"https:\/\/lahora.mx\/index.php\/wp-json\/wp\/v2\/media?parent=31574"}],"wp:term":[{"taxonomy":"category","embeddable":true,"href":"https:\/\/lahora.mx\/index.php\/wp-json\/wp\/v2\/categories?post=31574"},{"taxonomy":"post_tag","embeddable":true,"href":"https:\/\/lahora.mx\/index.php\/wp-json\/wp\/v2\/tags?post=31574"}],"curies":[{"name":"wp","href":"https:\/\/api.w.org\/{rel}","templated":true}]}}