{"id":31570,"date":"2023-08-16T18:49:56","date_gmt":"2023-08-16T18:49:56","guid":{"rendered":"http:\/\/lahora.mx\/?p=31570"},"modified":"2023-08-16T18:50:22","modified_gmt":"2023-08-16T18:50:22","slug":"lalo-rivera-proximo-aspirante-a-gobernador-de-puebla","status":"publish","type":"post","link":"https:\/\/lahora.mx\/index.php\/2023\/08\/16\/lalo-rivera-proximo-aspirante-a-gobernador-de-puebla\/","title":{"rendered":"Lalo Rivera pr\u00f3ximo aspirante a gobernador de Puebla"},"content":{"rendered":"\n<p>El dirigente nacional del PAN, Marko Cort\u00e9s dej\u00f3 ver qu\u00e9 el aspirante a la gubernatura de Puebla ser\u00e1 Eduardo Rivera P\u00e9rez, al publicar una imagen donde se reuni\u00f3 con el alcalde de Puebla destacando la frase \u00abLo mejor para Puebla est\u00e1 por venir\u00bb.<\/p>\n\n\n\n<p>A trav\u00e9s de Twitter el l\u00edder panista asegur\u00f3 que se reuni\u00f3 con Eduardo Rivera para conocer las problem\u00e1ticas que atraviesa la entidad.<\/p>\n\n\n\n<p>\u00abLo mejor para Puebla est\u00e1 por venir! Qu\u00e9 gusto platicar con mi amigo @eduardorivera01 sobre los problemas que viven en el estado y c\u00f3mo trabajaremos en equipo para solucionarlos\u00bb, public\u00f3.<\/p>\n\n\n\n<p>El alcalde, Eduardo Rivera P\u00e9rez mencion\u00f3 que \u00e9l dar\u00e1 a conocer sus aspiraciones a finales de este 2023.<\/p>\n\n\n\n<p>Asimismo, dej\u00f3 ver que no ha definido si ir\u00e1 por la gubernatura, el senado o la reelecci\u00f3n en el Ayuntamiento de Puebla.<\/p>\n","protected":false},"excerpt":{"rendered":"<p>El dirigente nacional del PAN, Marko Cort\u00e9s dej\u00f3 ver qu\u00e9 el aspirante a la gubernatura de Puebla ser\u00e1 Eduardo Rivera P\u00e9rez, al publicar una imagen donde se reuni\u00f3 con el alcalde de Puebla destacando la frase \u00abLo mejor para Puebla est\u00e1 por venir\u00bb. A trav\u00e9s de Twitter el l\u00edder panista asegur\u00f3 que se reuni\u00f3 con [&hellip;]<\/p>\n","protected":false},"author":4,"featured_media":31571,"comment_status":"open","ping_status":"open","sticky":false,"template":"","format":"standard","meta":{"om_disable_all_campaigns":false,"_monsterinsights_skip_tracking":false,"_monsterinsights_sitenote_active":false,"_monsterinsights_sitenote_note":"","_monsterinsights_sitenote_category":0,"footnotes":""},"categories":[175],"tags":[195,223],"class_list":["post-31570","post","type-post","status-publish","format-standard","has-post-thumbnail","hentry","category-local","tag-principal","tag-puebla"],"amp_enabled":true,"_links":{"self":[{"href":"https:\/\/lahora.mx\/index.php\/wp-json\/wp\/v2\/posts\/31570","targetHints":{"allow":["GET"]}}],"collection":[{"href":"https:\/\/lahora.mx\/index.php\/wp-json\/wp\/v2\/posts"}],"about":[{"href":"https:\/\/lahora.mx\/index.php\/wp-json\/wp\/v2\/types\/post"}],"author":[{"embeddable":true,"href":"https:\/\/lahora.mx\/index.php\/wp-json\/wp\/v2\/users\/4"}],"replies":[{"embeddable":true,"href":"https:\/\/lahora.mx\/index.php\/wp-json\/wp\/v2\/comments?post=31570"}],"version-history":[{"count":1,"href":"https:\/\/lahora.mx\/index.php\/wp-json\/wp\/v2\/posts\/31570\/revisions"}],"predecessor-version":[{"id":31572,"href":"https:\/\/lahora.mx\/index.php\/wp-json\/wp\/v2\/posts\/31570\/revisions\/31572"}],"wp:featuredmedia":[{"embeddable":true,"href":"https:\/\/lahora.mx\/index.php\/wp-json\/wp\/v2\/media\/31571"}],"wp:attachment":[{"href":"https:\/\/lahora.mx\/index.php\/wp-json\/wp\/v2\/media?parent=31570"}],"wp:term":[{"taxonomy":"category","embeddable":true,"href":"https:\/\/lahora.mx\/index.php\/wp-json\/wp\/v2\/categories?post=31570"},{"taxonomy":"post_tag","embeddable":true,"href":"https:\/\/lahora.mx\/index.php\/wp-json\/wp\/v2\/tags?post=31570"}],"curies":[{"name":"wp","href":"https:\/\/api.w.org\/{rel}","templated":true}]}}