{"id":31331,"date":"2023-08-12T02:26:59","date_gmt":"2023-08-12T02:26:59","guid":{"rendered":"http:\/\/lahora.mx\/?p=31331"},"modified":"2023-08-12T02:26:59","modified_gmt":"2023-08-12T02:26:59","slug":"aumentan-un-80-casos-de-covid-19-alrededor-del-mundo-indica-la-oms","status":"publish","type":"post","link":"https:\/\/lahora.mx\/index.php\/2023\/08\/12\/aumentan-un-80-casos-de-covid-19-alrededor-del-mundo-indica-la-oms\/","title":{"rendered":"Aumentan un 80% casos de Covid-19 alrededor del mundo, indica la OMS"},"content":{"rendered":"\n<p>La Organizaci\u00f3n Mundial de la Salud (OMS) expidi\u00f3 hoy, viernes 11 de agosto, su m\u00e1s reciente informe sobre contagios y muertes mundiales en relaci\u00f3n a Covid-19, mostrando que del 10 de julio al 6 de agosto los registros de contagio aumentaron 80 por ciento, es decir, se contabilizaron 1.5 millones de nuevas infecciones.<\/p>\n\n\n\n<p>La disminuci\u00f3n global puede deberse a que s\u00f3lo 25 por ciento de los pa\u00edses miembros de la OMS siguen reportando incidencias de casos; de las cinco regiones en que a\u00fan se contabilizan, solamente la Regi\u00f3n del Pac\u00edfico Occidental -especialmente Corea del Sur- present\u00f3 aumento en sus n\u00fameros, registrando 137 por ciento m\u00e1s de contagios.<\/p>\n\n\n\n<p>Las regiones que presentaron disminuci\u00f3n en sus n\u00fameros son: \u00c1frica, con 77 por ciento menos; Asia Sudoriental, menos 57 por ciento; Mediterr\u00e1neo Oriental, 50 por ciento de reducci\u00f3n; Europa, menos 46 por ciento de casos; y la regi\u00f3n de las am\u00e9ricas present\u00f3 una disminuci\u00f3n de 42 por ciento en contagios registrados.<\/p>\n\n\n\n<p>A su vez, la cifra de muertos a causa de la enfermedad tambi\u00e9n se redujo, pero 57 por ciento, registr\u00e1ndose 2 mil 560 muertes; la Regi\u00f3n de Am\u00e9rica tuvo una reducci\u00f3n de 49 por ciento en muertes; Europa de 71 por ciento; y Asia-Pac\u00edfico 42 por ciento menos de decesos registrados.<br>Tedros Adhanom Ghebreyesus, director General de la OMS, declar\u00f3 su malestar por la disminuci\u00f3n de los pa\u00edses que contin\u00faan con las notificaciones sobre contagios de la enfermedad y coment\u00f3 que s\u00f3lo 11 por ciento de ellos reporta ingresos a Unidades de Cuidado Intensivo, asegurando que eso \u201cno significa que otros pa\u00edses no tengan muertes u hospitalizaciones, sino que no las est\u00e1n notificado\u201d.<\/p>\n","protected":false},"excerpt":{"rendered":"<p>La Organizaci\u00f3n Mundial de la Salud (OMS) expidi\u00f3 hoy, viernes 11 de agosto, su m\u00e1s reciente informe sobre contagios y muertes mundiales en relaci\u00f3n a Covid-19, mostrando que del 10 de julio al 6 de agosto los registros de contagio aumentaron 80 por ciento, es decir, se contabilizaron 1.5 millones de nuevas infecciones. La disminuci\u00f3n [&hellip;]<\/p>\n","protected":false},"author":4,"featured_media":31332,"comment_status":"open","ping_status":"open","sticky":false,"template":"","format":"standard","meta":{"om_disable_all_campaigns":false,"_monsterinsights_skip_tracking":false,"_monsterinsights_sitenote_active":false,"_monsterinsights_sitenote_note":"","_monsterinsights_sitenote_category":0,"footnotes":""},"categories":[183],"tags":[195],"class_list":["post-31331","post","type-post","status-publish","format-standard","has-post-thumbnail","hentry","category-internacional","tag-principal"],"amp_enabled":true,"_links":{"self":[{"href":"https:\/\/lahora.mx\/index.php\/wp-json\/wp\/v2\/posts\/31331","targetHints":{"allow":["GET"]}}],"collection":[{"href":"https:\/\/lahora.mx\/index.php\/wp-json\/wp\/v2\/posts"}],"about":[{"href":"https:\/\/lahora.mx\/index.php\/wp-json\/wp\/v2\/types\/post"}],"author":[{"embeddable":true,"href":"https:\/\/lahora.mx\/index.php\/wp-json\/wp\/v2\/users\/4"}],"replies":[{"embeddable":true,"href":"https:\/\/lahora.mx\/index.php\/wp-json\/wp\/v2\/comments?post=31331"}],"version-history":[{"count":1,"href":"https:\/\/lahora.mx\/index.php\/wp-json\/wp\/v2\/posts\/31331\/revisions"}],"predecessor-version":[{"id":31333,"href":"https:\/\/lahora.mx\/index.php\/wp-json\/wp\/v2\/posts\/31331\/revisions\/31333"}],"wp:featuredmedia":[{"embeddable":true,"href":"https:\/\/lahora.mx\/index.php\/wp-json\/wp\/v2\/media\/31332"}],"wp:attachment":[{"href":"https:\/\/lahora.mx\/index.php\/wp-json\/wp\/v2\/media?parent=31331"}],"wp:term":[{"taxonomy":"category","embeddable":true,"href":"https:\/\/lahora.mx\/index.php\/wp-json\/wp\/v2\/categories?post=31331"},{"taxonomy":"post_tag","embeddable":true,"href":"https:\/\/lahora.mx\/index.php\/wp-json\/wp\/v2\/tags?post=31331"}],"curies":[{"name":"wp","href":"https:\/\/api.w.org\/{rel}","templated":true}]}}