{"id":31320,"date":"2023-08-12T02:11:42","date_gmt":"2023-08-12T02:11:42","guid":{"rendered":"http:\/\/lahora.mx\/?p=31320"},"modified":"2023-08-12T02:11:43","modified_gmt":"2023-08-12T02:11:43","slug":"drones-contra-los-carteles-mexicanos-asi-lo-menciona-desantis","status":"publish","type":"post","link":"https:\/\/lahora.mx\/index.php\/2023\/08\/12\/drones-contra-los-carteles-mexicanos-asi-lo-menciona-desantis\/","title":{"rendered":"Drones contra los c\u00e1rteles mexicanos as\u00ed lo menciona DeSantis"},"content":{"rendered":"\n<p>El precandidato a las presidenciales estadounidenses Ron DeSantis dijo que usar\u00eda \u201ccualquier fuerza que sea necesaria\u201d para acabar con los c\u00e1rteles de la droga mexicanos si es elegido presidente de Estados Unidos, con o sin la ayuda del gobierno mexicano.<\/p>\n\n\n\n<p>El republicano declar\u00f3: \u201cNos reservaremos absolutamente el derecho si est\u00e1n invadiendo nuestro pa\u00eds y matando a nuestra gente\u201d, cuando un votante le pregunt\u00f3 si estar\u00eda dispuesto a usar drones contra los c\u00e1rteles.<\/p>\n\n\n\n<p>NBC News le pidi\u00f3 m\u00e1s tarde que aclarara y DeSantis remarc\u00f3: \u201cDije que usar\u00eda cualquier fuerza que necesitemos para defender el pa\u00eds.<\/p>\n\n\n\n<p>\u201cEstar\u00edamos dispuestos a apoyarnos en su contra y nos reservamos el derecho de defender nuestro pa\u00eds\u201d, indic\u00f3 el actual gobernador de Florida.<\/p>\n\n\n\n<p>Los comentarios se produjeron despu\u00e9s de una pregunta en un evento de campa\u00f1a en Iowa. El mensaje representa un grupo creciente de republicanos que piden una intervenci\u00f3n militar en M\u00e9xico, ya que la frontera sur sigue siendo uno de los temas de conversaci\u00f3n m\u00e1s importantes de la campa\u00f1a presidencial de 2024.<\/p>\n","protected":false},"excerpt":{"rendered":"<p>El precandidato a las presidenciales estadounidenses Ron DeSantis dijo que usar\u00eda \u201ccualquier fuerza que sea necesaria\u201d para acabar con los c\u00e1rteles de la droga mexicanos si es elegido presidente de Estados Unidos, con o sin la ayuda del gobierno mexicano. El republicano declar\u00f3: \u201cNos reservaremos absolutamente el derecho si est\u00e1n invadiendo nuestro pa\u00eds y matando [&hellip;]<\/p>\n","protected":false},"author":4,"featured_media":31321,"comment_status":"open","ping_status":"open","sticky":false,"template":"","format":"standard","meta":{"om_disable_all_campaigns":false,"_monsterinsights_skip_tracking":false,"_monsterinsights_sitenote_active":false,"_monsterinsights_sitenote_note":"","_monsterinsights_sitenote_category":0,"footnotes":""},"categories":[183,176],"tags":[],"class_list":["post-31320","post","type-post","status-publish","format-standard","has-post-thumbnail","hentry","category-internacional","category-nacional"],"amp_enabled":true,"_links":{"self":[{"href":"https:\/\/lahora.mx\/index.php\/wp-json\/wp\/v2\/posts\/31320","targetHints":{"allow":["GET"]}}],"collection":[{"href":"https:\/\/lahora.mx\/index.php\/wp-json\/wp\/v2\/posts"}],"about":[{"href":"https:\/\/lahora.mx\/index.php\/wp-json\/wp\/v2\/types\/post"}],"author":[{"embeddable":true,"href":"https:\/\/lahora.mx\/index.php\/wp-json\/wp\/v2\/users\/4"}],"replies":[{"embeddable":true,"href":"https:\/\/lahora.mx\/index.php\/wp-json\/wp\/v2\/comments?post=31320"}],"version-history":[{"count":1,"href":"https:\/\/lahora.mx\/index.php\/wp-json\/wp\/v2\/posts\/31320\/revisions"}],"predecessor-version":[{"id":31322,"href":"https:\/\/lahora.mx\/index.php\/wp-json\/wp\/v2\/posts\/31320\/revisions\/31322"}],"wp:featuredmedia":[{"embeddable":true,"href":"https:\/\/lahora.mx\/index.php\/wp-json\/wp\/v2\/media\/31321"}],"wp:attachment":[{"href":"https:\/\/lahora.mx\/index.php\/wp-json\/wp\/v2\/media?parent=31320"}],"wp:term":[{"taxonomy":"category","embeddable":true,"href":"https:\/\/lahora.mx\/index.php\/wp-json\/wp\/v2\/categories?post=31320"},{"taxonomy":"post_tag","embeddable":true,"href":"https:\/\/lahora.mx\/index.php\/wp-json\/wp\/v2\/tags?post=31320"}],"curies":[{"name":"wp","href":"https:\/\/api.w.org\/{rel}","templated":true}]}}