{"id":31315,"date":"2023-08-11T17:00:17","date_gmt":"2023-08-11T17:00:17","guid":{"rendered":"http:\/\/lahora.mx\/?p=31315"},"modified":"2023-08-11T17:24:45","modified_gmt":"2023-08-11T17:24:45","slug":"yo-tambien-tengo-en-mi-listita-a-los-del-tribunal-menciona-lopez-obrador","status":"publish","type":"post","link":"https:\/\/lahora.mx\/index.php\/2023\/08\/11\/yo-tambien-tengo-en-mi-listita-a-los-del-tribunal-menciona-lopez-obrador\/","title":{"rendered":"Yo tambi\u00e9n tengo en mi &#8216;listita&#8217; a los del Tribunal menciona L\u00f3pez Obrador"},"content":{"rendered":"\n<p>Cuestionado sobre el primero foro entre los aspirantes a coordinar el Frente Amplio por M\u00e9xico, particularmente respecto a las declaraciones de Enrique de la Madrid, el presidente Andr\u00e9s Manuel L\u00f3pez Obrador se limit\u00f3 a se\u00f1alar: \u201cNada, nada, nada\u201d.<\/p>\n\n\n\n<p>En la conferencia matutina se le pregunt\u00f3 respecto al dicho del ex secretario de Turismo de que M\u00e9xico ha sufrido el virus del Covid y el de la 4T.<\/p>\n\n\n\n<p>\u201cAhora hay divisiones en el bloque conservador y para qu\u00e9 me meto. No vaya a ser que los jueces. Ya me pusieron los del Tribunal en la lista negra. Yo tambi\u00e9n los tengo ah\u00ed, en mi listita, les tengo ah\u00ed varias cuestiones de actitudes deshonestas, a los magistrados del Tribunal Electoral\u201d, contest\u00f3.<\/p>\n\n\n\n<p>\u201cLa \u00faltima fue esa resoluci\u00f3n en la que se atrevieron a modificar lo que expres\u00e9 aqu\u00ed en una ma\u00f1anera, lo que dije lo tergiversaron. Entonces s\u00ed los tengo apuntados en la lista, porque s\u00ed son muy falsarios. Y son jueces, magistrados, de consigna.<\/p>\n\n\n\n<p>\u201cDe todas maneras, no hay que tocarlos, porque si no vienen las sanciones, las multas. No me han multado todav\u00eda, no me vayan a ruchar, no me vayan a poner una multa. Ah\u00ed le voy a pedir a la gente que me ayuda, vamos a hacer una colecta si me multan\u201d.<\/p>\n","protected":false},"excerpt":{"rendered":"<p>Cuestionado sobre el primero foro entre los aspirantes a coordinar el Frente Amplio por M\u00e9xico, particularmente respecto a las declaraciones de Enrique de la Madrid, el presidente Andr\u00e9s Manuel L\u00f3pez Obrador se limit\u00f3 a se\u00f1alar: \u201cNada, nada, nada\u201d. En la conferencia matutina se le pregunt\u00f3 respecto al dicho del ex secretario de Turismo de que [&hellip;]<\/p>\n","protected":false},"author":4,"featured_media":31316,"comment_status":"open","ping_status":"open","sticky":false,"template":"","format":"standard","meta":{"om_disable_all_campaigns":false,"_monsterinsights_skip_tracking":false,"_monsterinsights_sitenote_active":false,"_monsterinsights_sitenote_note":"","_monsterinsights_sitenote_category":0,"footnotes":""},"categories":[176],"tags":[],"class_list":["post-31315","post","type-post","status-publish","format-standard","has-post-thumbnail","hentry","category-nacional"],"amp_enabled":true,"_links":{"self":[{"href":"https:\/\/lahora.mx\/index.php\/wp-json\/wp\/v2\/posts\/31315","targetHints":{"allow":["GET"]}}],"collection":[{"href":"https:\/\/lahora.mx\/index.php\/wp-json\/wp\/v2\/posts"}],"about":[{"href":"https:\/\/lahora.mx\/index.php\/wp-json\/wp\/v2\/types\/post"}],"author":[{"embeddable":true,"href":"https:\/\/lahora.mx\/index.php\/wp-json\/wp\/v2\/users\/4"}],"replies":[{"embeddable":true,"href":"https:\/\/lahora.mx\/index.php\/wp-json\/wp\/v2\/comments?post=31315"}],"version-history":[{"count":1,"href":"https:\/\/lahora.mx\/index.php\/wp-json\/wp\/v2\/posts\/31315\/revisions"}],"predecessor-version":[{"id":31317,"href":"https:\/\/lahora.mx\/index.php\/wp-json\/wp\/v2\/posts\/31315\/revisions\/31317"}],"wp:featuredmedia":[{"embeddable":true,"href":"https:\/\/lahora.mx\/index.php\/wp-json\/wp\/v2\/media\/31316"}],"wp:attachment":[{"href":"https:\/\/lahora.mx\/index.php\/wp-json\/wp\/v2\/media?parent=31315"}],"wp:term":[{"taxonomy":"category","embeddable":true,"href":"https:\/\/lahora.mx\/index.php\/wp-json\/wp\/v2\/categories?post=31315"},{"taxonomy":"post_tag","embeddable":true,"href":"https:\/\/lahora.mx\/index.php\/wp-json\/wp\/v2\/tags?post=31315"}],"curies":[{"name":"wp","href":"https:\/\/api.w.org\/{rel}","templated":true}]}}