{"id":31303,"date":"2023-08-11T16:49:57","date_gmt":"2023-08-11T16:49:57","guid":{"rendered":"http:\/\/lahora.mx\/?p=31303"},"modified":"2023-08-11T16:49:57","modified_gmt":"2023-08-11T16:49:57","slug":"baja-en-acceso-a-salud-es-por-mala-pregunta-que-hizo-coneval-justifica-amlo","status":"publish","type":"post","link":"https:\/\/lahora.mx\/index.php\/2023\/08\/11\/baja-en-acceso-a-salud-es-por-mala-pregunta-que-hizo-coneval-justifica-amlo\/","title":{"rendered":"Baja en acceso a salud es por mala pregunta que hizo Coneval, justifica AMLO"},"content":{"rendered":"\n<p>El presidente Andr\u00e9s Manuel L\u00f3pez Obrador afirm\u00f3 que \u201cfue por la pregunta que se hizo\u201d que en el informe que ayer dio a conocer el Consejo Nacional de Evaluaci\u00f3n de la Pol\u00edtica de Desarrollo Social (Coneval) se indique que la poblaci\u00f3n con carencias de acceso a servicios de salud se haya disparado entre 2020 y 2022 al pasar de 35.7 a 50.4 millones.<br>En conferencia de prensa matutina, el Mandatario federal afirm\u00f3 que cuando los encuestadores del Coneval fueron a preguntar a las personas que antes ten\u00edan Seguro Popular estos respondieron que ya no ten\u00edan seguro, debido a que este fue eliminado en el actual gobierno.<\/p>\n\n\n\n<p>Sin embargo afirm\u00f3 que ahora hay atenci\u00f3n m\u00e9dica gratuita y \u201cya no se necesita ning\u00fan tipo de seguro\u201d.<\/p>\n\n\n\n<p>\u201cS\u00ed, en el caso de salud hay una disminuci\u00f3n, pero tiene que ver con la pregunta que se hizo y con el hecho de que ten\u00edan apuntados a todos con credencial con el llamado Seguro Popular, que ni era seguro ni era popular, entones como ya no est\u00e1n esas credenciales, la gente cuando les preguntaron dijeron `no pues no tenemos seguro\u00b4 porque ya ahora es atenci\u00f3n m\u00e9dica gratuita y ya no se necesita ning\u00fan tipo de seguro pero va a ir poco a poco entendi\u00e9ndose\u201d, dijo.<\/p>\n\n\n\n<p>En Palacio Nacional, el Mandatario federal reiter\u00f3 su promesa de que al final de su gobierno, M\u00e9xico tendr\u00e1 uno de los mejores sistemas de salud del mundo y donde se garantizar\u00e1 el derecho a la poblaci\u00f3n mexicana.<br>\u201cAntes de que termine mi mandato vamos en un sistema de salud de los mejores del mundo. Se va a garantizar el derecho a la salud\u201d, agreg\u00f3.<br>De acuerdo con especialistas, casi 9 millones de mexicanos dejaron de vivir en condiciones de pobreza entre 2020 y 2022, pero al mismo tiempo se increment\u00f3 la poblaci\u00f3n con carencias de salud y rezagos educativos, temas en los que a\u00fan hay mucho por hacer.<\/p>\n\n\n\n<p>El Coneval inform\u00f3 ayer que el n\u00famero de personas en situaci\u00f3n de pobreza pas\u00f3 de 55.7 a 46.8 millones en el lapso referido, una disminuci\u00f3n de 8.9 millones.<\/p>\n\n\n\n<p>En contraste con los resultados anteriores, el porcentaje de la poblaci\u00f3n con carencias por acceso a los servicios de salud se increment\u00f3, pasando de 28.2% a 39.1% de la poblaci\u00f3n. Si se consideran los resultados de 2018, cuando la tasa era de 16.2%, el aumento es mayor.<\/p>\n\n\n\n<p>La cantidad de personas sin acceso a servicios de salud pas\u00f3 de 20.1 millones en 2018, a 35.7 en 2020, hasta llegar a 50.4 millones el a\u00f1o pasado, seg\u00fan el Coneval.<\/p>\n","protected":false},"excerpt":{"rendered":"<p>El presidente Andr\u00e9s Manuel L\u00f3pez Obrador afirm\u00f3 que \u201cfue por la pregunta que se hizo\u201d que en el informe que ayer dio a conocer el Consejo Nacional de Evaluaci\u00f3n de la Pol\u00edtica de Desarrollo Social (Coneval) se indique que la poblaci\u00f3n con carencias de acceso a servicios de salud se haya disparado entre 2020 y [&hellip;]<\/p>\n","protected":false},"author":4,"featured_media":31304,"comment_status":"open","ping_status":"open","sticky":false,"template":"","format":"standard","meta":{"om_disable_all_campaigns":false,"_monsterinsights_skip_tracking":false,"_monsterinsights_sitenote_active":false,"_monsterinsights_sitenote_note":"","_monsterinsights_sitenote_category":0,"footnotes":""},"categories":[176],"tags":[195],"class_list":["post-31303","post","type-post","status-publish","format-standard","has-post-thumbnail","hentry","category-nacional","tag-principal"],"amp_enabled":true,"_links":{"self":[{"href":"https:\/\/lahora.mx\/index.php\/wp-json\/wp\/v2\/posts\/31303","targetHints":{"allow":["GET"]}}],"collection":[{"href":"https:\/\/lahora.mx\/index.php\/wp-json\/wp\/v2\/posts"}],"about":[{"href":"https:\/\/lahora.mx\/index.php\/wp-json\/wp\/v2\/types\/post"}],"author":[{"embeddable":true,"href":"https:\/\/lahora.mx\/index.php\/wp-json\/wp\/v2\/users\/4"}],"replies":[{"embeddable":true,"href":"https:\/\/lahora.mx\/index.php\/wp-json\/wp\/v2\/comments?post=31303"}],"version-history":[{"count":1,"href":"https:\/\/lahora.mx\/index.php\/wp-json\/wp\/v2\/posts\/31303\/revisions"}],"predecessor-version":[{"id":31305,"href":"https:\/\/lahora.mx\/index.php\/wp-json\/wp\/v2\/posts\/31303\/revisions\/31305"}],"wp:featuredmedia":[{"embeddable":true,"href":"https:\/\/lahora.mx\/index.php\/wp-json\/wp\/v2\/media\/31304"}],"wp:attachment":[{"href":"https:\/\/lahora.mx\/index.php\/wp-json\/wp\/v2\/media?parent=31303"}],"wp:term":[{"taxonomy":"category","embeddable":true,"href":"https:\/\/lahora.mx\/index.php\/wp-json\/wp\/v2\/categories?post=31303"},{"taxonomy":"post_tag","embeddable":true,"href":"https:\/\/lahora.mx\/index.php\/wp-json\/wp\/v2\/tags?post=31303"}],"curies":[{"name":"wp","href":"https:\/\/api.w.org\/{rel}","templated":true}]}}