{"id":31157,"date":"2023-08-09T17:53:47","date_gmt":"2023-08-09T17:53:47","guid":{"rendered":"http:\/\/lahora.mx\/?p=31157"},"modified":"2023-08-09T17:53:47","modified_gmt":"2023-08-09T17:53:47","slug":"baja-inflacion-en-mexico-cerrando-en-4-79-en-julio-de-2023","status":"publish","type":"post","link":"https:\/\/lahora.mx\/index.php\/2023\/08\/09\/baja-inflacion-en-mexico-cerrando-en-4-79-en-julio-de-2023\/","title":{"rendered":"Baja inflaci\u00f3n en M\u00e9xico cerrando en 4.79% en julio de 2023"},"content":{"rendered":"\n<p>La inflaci\u00f3n en M\u00e9xico se mantiene a la baja y en julio el indicador anual se ubic\u00f3 en 4.79%, hilando seis meses con disminuciones, inform\u00f3 el Instituto Nacional de Estad\u00edstica y Geograf\u00eda (Inegi).<\/p>\n\n\n\n<p>En su informe sobre la inflaci\u00f3n en julio de 2023, el Inegi detall\u00f3 el \u00cdndice Nacional de Precios al Consumidor (INPC) aument\u00f3 0.48%. Los precios de las mercanc\u00edas subieron 0.31% y los de los servicios un 0.49% en el s\u00e9ptimo mes del a\u00f1o.<\/p>\n\n\n\n<p>Los precios de los productos agropecuarios tambi\u00e9n tuvieron un aumento y fue de 1.90%, mientras que los de energ\u00e9ticos y tarifas autorizadas pro el gobierno bajaron 0.23%.<\/p>\n\n\n\n<p>Productos que influyeron en la inflaci\u00f3n en julio de 2023<br>En julio de 2023 hubieron diversos productos que influyeron en la inflaci\u00f3n debido al aumento en sus precios y llevaron el indicador a 4.79%; entre ellos se encuentran:<\/p>\n\n\n\n<p>Chayote, con una variaci\u00f3n mensual del 31.01%<br>Aguacate, con 28.28%<br>Cebolla, con 22.86%<br>Transporte a\u00e9reo, con 16.99%<br>Naranja, con 12.24%<br>Lechuga y col, con 11.85%<br>Pl\u00e1tanos, con 10.72%<br>Productos que bajaron de precio en julio de 2023<br>En tanto, en julio de 2023 tambi\u00e9n hubo productos que bajaron de precio, entre ellos est\u00e1n:<\/p>\n\n\n\n<p>Uva, con una reducci\u00f3n del 29.79%<br>Huevo, con una baja del 6.23%<br>Papa y otros tub\u00e9rculos, con una disminuci\u00f3n del 4.30%<br>Gas dom\u00e9stico LP, con una baja del 4.25%<\/p>\n","protected":false},"excerpt":{"rendered":"<p>La inflaci\u00f3n en M\u00e9xico se mantiene a la baja y en julio el indicador anual se ubic\u00f3 en 4.79%, hilando seis meses con disminuciones, inform\u00f3 el Instituto Nacional de Estad\u00edstica y Geograf\u00eda (Inegi). En su informe sobre la inflaci\u00f3n en julio de 2023, el Inegi detall\u00f3 el \u00cdndice Nacional de Precios al Consumidor (INPC) aument\u00f3 [&hellip;]<\/p>\n","protected":false},"author":4,"featured_media":31158,"comment_status":"open","ping_status":"open","sticky":false,"template":"","format":"standard","meta":{"om_disable_all_campaigns":false,"_monsterinsights_skip_tracking":false,"_monsterinsights_sitenote_active":false,"_monsterinsights_sitenote_note":"","_monsterinsights_sitenote_category":0,"footnotes":""},"categories":[176],"tags":[29],"class_list":["post-31157","post","type-post","status-publish","format-standard","has-post-thumbnail","hentry","category-nacional","tag-business"],"amp_enabled":true,"_links":{"self":[{"href":"https:\/\/lahora.mx\/index.php\/wp-json\/wp\/v2\/posts\/31157","targetHints":{"allow":["GET"]}}],"collection":[{"href":"https:\/\/lahora.mx\/index.php\/wp-json\/wp\/v2\/posts"}],"about":[{"href":"https:\/\/lahora.mx\/index.php\/wp-json\/wp\/v2\/types\/post"}],"author":[{"embeddable":true,"href":"https:\/\/lahora.mx\/index.php\/wp-json\/wp\/v2\/users\/4"}],"replies":[{"embeddable":true,"href":"https:\/\/lahora.mx\/index.php\/wp-json\/wp\/v2\/comments?post=31157"}],"version-history":[{"count":1,"href":"https:\/\/lahora.mx\/index.php\/wp-json\/wp\/v2\/posts\/31157\/revisions"}],"predecessor-version":[{"id":31159,"href":"https:\/\/lahora.mx\/index.php\/wp-json\/wp\/v2\/posts\/31157\/revisions\/31159"}],"wp:featuredmedia":[{"embeddable":true,"href":"https:\/\/lahora.mx\/index.php\/wp-json\/wp\/v2\/media\/31158"}],"wp:attachment":[{"href":"https:\/\/lahora.mx\/index.php\/wp-json\/wp\/v2\/media?parent=31157"}],"wp:term":[{"taxonomy":"category","embeddable":true,"href":"https:\/\/lahora.mx\/index.php\/wp-json\/wp\/v2\/categories?post=31157"},{"taxonomy":"post_tag","embeddable":true,"href":"https:\/\/lahora.mx\/index.php\/wp-json\/wp\/v2\/tags?post=31157"}],"curies":[{"name":"wp","href":"https:\/\/api.w.org\/{rel}","templated":true}]}}