{"id":31054,"date":"2023-08-07T23:50:08","date_gmt":"2023-08-07T23:50:08","guid":{"rendered":"http:\/\/lahora.mx\/?p=31054"},"modified":"2023-08-07T23:50:08","modified_gmt":"2023-08-07T23:50:08","slug":"pri-puebla-condena-asesinato-de-su-regidor-en-acatlan-de-osorio","status":"publish","type":"post","link":"https:\/\/lahora.mx\/index.php\/2023\/08\/07\/pri-puebla-condena-asesinato-de-su-regidor-en-acatlan-de-osorio\/","title":{"rendered":"PRI Puebla condena asesinato de su regidor en Acatl\u00e1n de Osorio"},"content":{"rendered":"\n<p>El presidente estatal del Partido Revolucionario Institucional (PRI), N\u00e9stor Camarillo exigi\u00f3 el pronto esclarecimiento del asesinato del regidor en Acatl\u00e1n de Osorio, y compa\u00f1ero de partido, Marco Antonio Mej\u00eda Mart\u00ednez.<\/p>\n\n\n\n<p>Luego del homicidio del regidor ocurrido el domingo 6 de agosto, presuntamente en una emboscada, el l\u00edder estatal del PRI exigi\u00f3 aclarar el homicidio y aplicar todo el peso de la ley a los responsables.<\/p>\n\n\n\n<p>Camarillo Medina lament\u00f3 la inseguridad que se vive en el pa\u00eds y que ahora cobr\u00f3 de la vida de un empresario que fue electo regidor en el 2021, y envi\u00f3 sus condolencias a la familia de la v\u00edctima.<\/p>\n\n\n\n<p>El tambi\u00e9n diputado local llam\u00f3 a la Fiscal\u00eda General del Estado (FGE) a realizar las investigaciones correspondientes a fin de dar con los responsables de los hechos y que sean castigados conforme a lo que marca la ley.<\/p>\n\n\n\n<p>\u201cPedimos a las autoridades todo el peso de la ley y que se logre dar con los responsables, lamentablemente hoy ha perdido la vida un gran pri\u00edsta y sus hijos. Mis condolencias a su familia y amigos. Marco Antonio Mej\u00eda se destacaba por ser un gran empresario de la zona y hoy lamentablemente ya no estar\u00e1 con nosotros\u201d.<\/p>\n\n\n\n<p>El presidente estatal del PRI expuso que todos deben cerrar filas ante este tipo de situaciones que se presentan, y desde la Federaci\u00f3n debe dotarse de m\u00e1s recursos a estados y municipios para garantizar la seguridad de los ciudadanos.<\/p>\n\n\n\n<p>Rechaz\u00f3 que el tema se vaya a politizar, sin embargo, reconoci\u00f3 que ante la p\u00e9rdida de un compa\u00f1ero el PRI est\u00e1 de luto, y la exigencia de justicia estar\u00e1 presente.<\/p>\n\n\n\n<p>Insisti\u00f3 en que las autoridades ministeriales deber\u00e1n emprender una investigaci\u00f3n a fondo para identificar a los probables responsables, lograr su captura y ponerlos a disposici\u00f3n para que reciban un castigo ejemplar, adem\u00e1s de que el partido est\u00e1 en contra de la impunidad.<\/p>\n","protected":false},"excerpt":{"rendered":"<p>El presidente estatal del Partido Revolucionario Institucional (PRI), N\u00e9stor Camarillo exigi\u00f3 el pronto esclarecimiento del asesinato del regidor en Acatl\u00e1n de Osorio, y compa\u00f1ero de partido, Marco Antonio Mej\u00eda Mart\u00ednez. Luego del homicidio del regidor ocurrido el domingo 6 de agosto, presuntamente en una emboscada, el l\u00edder estatal del PRI exigi\u00f3 aclarar el homicidio y [&hellip;]<\/p>\n","protected":false},"author":4,"featured_media":31055,"comment_status":"open","ping_status":"open","sticky":false,"template":"","format":"standard","meta":{"om_disable_all_campaigns":false,"_monsterinsights_skip_tracking":false,"_monsterinsights_sitenote_active":false,"_monsterinsights_sitenote_note":"","_monsterinsights_sitenote_category":0,"footnotes":""},"categories":[175],"tags":[128,223],"class_list":["post-31054","post","type-post","status-publish","format-standard","has-post-thumbnail","hentry","category-local","tag-politics","tag-puebla"],"amp_enabled":true,"_links":{"self":[{"href":"https:\/\/lahora.mx\/index.php\/wp-json\/wp\/v2\/posts\/31054","targetHints":{"allow":["GET"]}}],"collection":[{"href":"https:\/\/lahora.mx\/index.php\/wp-json\/wp\/v2\/posts"}],"about":[{"href":"https:\/\/lahora.mx\/index.php\/wp-json\/wp\/v2\/types\/post"}],"author":[{"embeddable":true,"href":"https:\/\/lahora.mx\/index.php\/wp-json\/wp\/v2\/users\/4"}],"replies":[{"embeddable":true,"href":"https:\/\/lahora.mx\/index.php\/wp-json\/wp\/v2\/comments?post=31054"}],"version-history":[{"count":1,"href":"https:\/\/lahora.mx\/index.php\/wp-json\/wp\/v2\/posts\/31054\/revisions"}],"predecessor-version":[{"id":31056,"href":"https:\/\/lahora.mx\/index.php\/wp-json\/wp\/v2\/posts\/31054\/revisions\/31056"}],"wp:featuredmedia":[{"embeddable":true,"href":"https:\/\/lahora.mx\/index.php\/wp-json\/wp\/v2\/media\/31055"}],"wp:attachment":[{"href":"https:\/\/lahora.mx\/index.php\/wp-json\/wp\/v2\/media?parent=31054"}],"wp:term":[{"taxonomy":"category","embeddable":true,"href":"https:\/\/lahora.mx\/index.php\/wp-json\/wp\/v2\/categories?post=31054"},{"taxonomy":"post_tag","embeddable":true,"href":"https:\/\/lahora.mx\/index.php\/wp-json\/wp\/v2\/tags?post=31054"}],"curies":[{"name":"wp","href":"https:\/\/api.w.org\/{rel}","templated":true}]}}