{"id":31042,"date":"2023-08-07T23:41:24","date_gmt":"2023-08-07T23:41:24","guid":{"rendered":"http:\/\/lahora.mx\/?p=31042"},"modified":"2023-08-07T23:41:25","modified_gmt":"2023-08-07T23:41:25","slug":"ignacio-mier-le-levanta-la-mano-a-claudia-rivera","status":"publish","type":"post","link":"https:\/\/lahora.mx\/index.php\/2023\/08\/07\/ignacio-mier-le-levanta-la-mano-a-claudia-rivera\/","title":{"rendered":"Ignacio Mier le levanta la mano a Claudia Rivera"},"content":{"rendered":"\n<p>El diputado federal de Morena, Ignacio Mier Velazco, le levant\u00f3 la mano a la expresidenta municipal, Claudia Rivera Vivanco, quien al igual que el legislador es aspirante a la gubernatura de Puebla por Morena, en un encuentro fortuito en el Centro Hist\u00f3rico.<\/p>\n\n\n\n<p>Durante la rueda de prensa que ofreci\u00f3 la exalcaldesa desde los portales en el z\u00f3calo capitalino, el diputado Mier Velazco se acerc\u00f3 para saludarla y le alz\u00f3 la mano a su posible contrincante en el proceso de selecci\u00f3n interna.<\/p>\n\n\n\n<p>En una breve entrevista, ambos aseguraron que \u00abno hay pelea sino unidad en Morena\u00bb, y no descartaron en sumarse al proyecto del que sea ungido como candidato de la coalici\u00f3n Juntos Hacemos Historia, para contender en las elecciones 2024.<br>De igual forma, indicaron que tambi\u00e9n podr\u00edan adherir a los dem\u00e1s aspirantes que no logren concretar sus aspiraciones pol\u00edticas como en el caso del senador Alejandro Armenta Mier y el exsecretario de Gobernaci\u00f3n, Julio Miguel Huerta G\u00f3mez.<\/p>\n\n\n\n<p>\u00abEs un s\u00f3lo proyecto, les decimos que no estamos por cargos ni por puestos ni buscando trabajo. Es un proyecto de naci\u00f3n, es un proyecto colectivo, es el proyecto de la Cuarta Transformaci\u00f3n\u00bb, afirm\u00f3 Rivera Vivanco.<\/p>\n\n\n\n<p>Previamente, la expresidenta municipal critic\u00f3 a los interesados en la candidatura de Morena a la gubernatura que han incurrido en actos anticipados de campa\u00f1a, a trav\u00e9s de la colocaci\u00f3n de espectaculares y pintas de bardas.<\/p>\n\n\n\n<p>A\u00f1adi\u00f3 que aunque ella no es puntero en las encuestas que se han publicado recientemente, como la de la empresa BEAP, que la tomen en cuenta sin recurrir a la sobreexposici\u00f3n de su imagen, donde se demuestra que la ciudadan\u00eda respalda el trabajo que realiz\u00f3 como presidenta municipal.<\/p>\n","protected":false},"excerpt":{"rendered":"<p>El diputado federal de Morena, Ignacio Mier Velazco, le levant\u00f3 la mano a la expresidenta municipal, Claudia Rivera Vivanco, quien al igual que el legislador es aspirante a la gubernatura de Puebla por Morena, en un encuentro fortuito en el Centro Hist\u00f3rico. Durante la rueda de prensa que ofreci\u00f3 la exalcaldesa desde los portales en [&hellip;]<\/p>\n","protected":false},"author":4,"featured_media":31043,"comment_status":"open","ping_status":"open","sticky":false,"template":"","format":"standard","meta":{"om_disable_all_campaigns":false,"_monsterinsights_skip_tracking":false,"_monsterinsights_sitenote_active":false,"_monsterinsights_sitenote_note":"","_monsterinsights_sitenote_category":0,"footnotes":""},"categories":[175,5],"tags":[128,223],"class_list":["post-31042","post","type-post","status-publish","format-standard","has-post-thumbnail","hentry","category-local","category-politica","tag-politics","tag-puebla"],"amp_enabled":true,"_links":{"self":[{"href":"https:\/\/lahora.mx\/index.php\/wp-json\/wp\/v2\/posts\/31042","targetHints":{"allow":["GET"]}}],"collection":[{"href":"https:\/\/lahora.mx\/index.php\/wp-json\/wp\/v2\/posts"}],"about":[{"href":"https:\/\/lahora.mx\/index.php\/wp-json\/wp\/v2\/types\/post"}],"author":[{"embeddable":true,"href":"https:\/\/lahora.mx\/index.php\/wp-json\/wp\/v2\/users\/4"}],"replies":[{"embeddable":true,"href":"https:\/\/lahora.mx\/index.php\/wp-json\/wp\/v2\/comments?post=31042"}],"version-history":[{"count":1,"href":"https:\/\/lahora.mx\/index.php\/wp-json\/wp\/v2\/posts\/31042\/revisions"}],"predecessor-version":[{"id":31044,"href":"https:\/\/lahora.mx\/index.php\/wp-json\/wp\/v2\/posts\/31042\/revisions\/31044"}],"wp:featuredmedia":[{"embeddable":true,"href":"https:\/\/lahora.mx\/index.php\/wp-json\/wp\/v2\/media\/31043"}],"wp:attachment":[{"href":"https:\/\/lahora.mx\/index.php\/wp-json\/wp\/v2\/media?parent=31042"}],"wp:term":[{"taxonomy":"category","embeddable":true,"href":"https:\/\/lahora.mx\/index.php\/wp-json\/wp\/v2\/categories?post=31042"},{"taxonomy":"post_tag","embeddable":true,"href":"https:\/\/lahora.mx\/index.php\/wp-json\/wp\/v2\/tags?post=31042"}],"curies":[{"name":"wp","href":"https:\/\/api.w.org\/{rel}","templated":true}]}}