{"id":30912,"date":"2023-08-06T16:57:56","date_gmt":"2023-08-06T16:57:56","guid":{"rendered":"http:\/\/lahora.mx\/?p=30912"},"modified":"2023-08-06T16:57:56","modified_gmt":"2023-08-06T16:57:56","slug":"por-homicidio-calificado-en-grado-de-tentativa-procesan-a-el-tiburon-tras-golpiza-a-empleado-de-subway","status":"publish","type":"post","link":"https:\/\/lahora.mx\/index.php\/2023\/08\/06\/por-homicidio-calificado-en-grado-de-tentativa-procesan-a-el-tiburon-tras-golpiza-a-empleado-de-subway\/","title":{"rendered":"Por homicidio calificado en grado de tentativa, procesan a \u201cEl Tibur\u00f3n\u201d tras golpiza a empleado de Subway"},"content":{"rendered":"\n<p>La Fiscal\u00eda General del Estado de San Luis Potos\u00ed inform\u00f3 que imputar\u00e1 el delito de homicidio calificado en grado de tentativa a Fernando Medina, alias \u201cEl Tibur\u00f3n\u201d, por dar tremenda golpiza a un joven empleado de Subway el pasado lunes.<\/p>\n\n\n\n<p>A trav\u00e9s de un comunicado, la Fiscal\u00eda inform\u00f3 que \u201cEl Tibur\u00f3n\u201d fue llevado al penal de La Pila, en San Luis Potos\u00ed, donde estar\u00e1 recluido en espera de su audiencia inicial ante un Juez de control, la cual podr\u00eda celebrarse este domingo 6 de agosto.<\/p>\n\n\n\n<p>De forma adicional, la Fiscal\u00eda trabajar\u00e1 en la integraci\u00f3n de la carpeta en la que se podr\u00e1n atribuir otros il\u00edcitos, pues cabe se\u00f1alar que se le se\u00f1al\u00f3 por un historial violento, una vez que se difundi\u00f3 el video del Subway, se revel\u00f3 un segundo video en el que Fernando \u201cN\u201d aparece tambi\u00e9n propinando una golpiza a otro hombre.<\/p>\n\n\n\n<p>Asimismo, d\u00edas atr\u00e1s, una asociaci\u00f3n protectora de animales lo vincul\u00f3 con presuntos casos de maltrato animal.<\/p>\n\n\n\n<p>La captura de \u00abEl Tibur\u00f3n\u00bb, al exterior de un hotel<\/p>\n\n\n\n<p>En entrevista para medios, Mart\u00edn Serrano G\u00f3mez, director de la Polic\u00eda de Investigaci\u00f3n (PDI), detall\u00f3 que el indiciado fue capturado en el exterior de un hotel que se ubica en la carretera 57 a la altura de la Terminal Terrestre Potosina.<\/p>\n\n\n\n<p>Fernando Medina ingres\u00f3 a un \u00e1rea del inmueble del restaurante buscando a su v\u00edctima y le solt\u00f3 un violento golpe con la mano izquierda, a este le siguieron al menos 10 golpes m\u00e1s, ante la vista de sus compa\u00f1eros quienes no intervinieron.<\/p>\n","protected":false},"excerpt":{"rendered":"<p>La Fiscal\u00eda General del Estado de San Luis Potos\u00ed inform\u00f3 que imputar\u00e1 el delito de homicidio calificado en grado de tentativa a Fernando Medina, alias \u201cEl Tibur\u00f3n\u201d, por dar tremenda golpiza a un joven empleado de Subway el pasado lunes. A trav\u00e9s de un comunicado, la Fiscal\u00eda inform\u00f3 que \u201cEl Tibur\u00f3n\u201d fue llevado al penal [&hellip;]<\/p>\n","protected":false},"author":4,"featured_media":30913,"comment_status":"open","ping_status":"open","sticky":false,"template":"","format":"standard","meta":{"om_disable_all_campaigns":false,"_monsterinsights_skip_tracking":false,"_monsterinsights_sitenote_active":false,"_monsterinsights_sitenote_note":"","_monsterinsights_sitenote_category":0,"footnotes":""},"categories":[176],"tags":[195],"class_list":["post-30912","post","type-post","status-publish","format-standard","has-post-thumbnail","hentry","category-nacional","tag-principal"],"amp_enabled":true,"_links":{"self":[{"href":"https:\/\/lahora.mx\/index.php\/wp-json\/wp\/v2\/posts\/30912","targetHints":{"allow":["GET"]}}],"collection":[{"href":"https:\/\/lahora.mx\/index.php\/wp-json\/wp\/v2\/posts"}],"about":[{"href":"https:\/\/lahora.mx\/index.php\/wp-json\/wp\/v2\/types\/post"}],"author":[{"embeddable":true,"href":"https:\/\/lahora.mx\/index.php\/wp-json\/wp\/v2\/users\/4"}],"replies":[{"embeddable":true,"href":"https:\/\/lahora.mx\/index.php\/wp-json\/wp\/v2\/comments?post=30912"}],"version-history":[{"count":1,"href":"https:\/\/lahora.mx\/index.php\/wp-json\/wp\/v2\/posts\/30912\/revisions"}],"predecessor-version":[{"id":30914,"href":"https:\/\/lahora.mx\/index.php\/wp-json\/wp\/v2\/posts\/30912\/revisions\/30914"}],"wp:featuredmedia":[{"embeddable":true,"href":"https:\/\/lahora.mx\/index.php\/wp-json\/wp\/v2\/media\/30913"}],"wp:attachment":[{"href":"https:\/\/lahora.mx\/index.php\/wp-json\/wp\/v2\/media?parent=30912"}],"wp:term":[{"taxonomy":"category","embeddable":true,"href":"https:\/\/lahora.mx\/index.php\/wp-json\/wp\/v2\/categories?post=30912"},{"taxonomy":"post_tag","embeddable":true,"href":"https:\/\/lahora.mx\/index.php\/wp-json\/wp\/v2\/tags?post=30912"}],"curies":[{"name":"wp","href":"https:\/\/api.w.org\/{rel}","templated":true}]}}