{"id":30871,"date":"2023-08-04T18:02:43","date_gmt":"2023-08-04T18:02:43","guid":{"rendered":"http:\/\/lahora.mx\/?p=30871"},"modified":"2023-08-04T18:02:44","modified_gmt":"2023-08-04T18:02:44","slug":"casos-de-dengue-en-el-estado-de-puebla-en-aumento","status":"publish","type":"post","link":"https:\/\/lahora.mx\/index.php\/2023\/08\/04\/casos-de-dengue-en-el-estado-de-puebla-en-aumento\/","title":{"rendered":"Casos de dengue en el estado de Puebla, en aumento"},"content":{"rendered":"\n<p>El gobierno presente de Sergio Salom\u00f3n, a trav\u00e9s de la Secretar\u00eda de Salud, informa que en el estado hay 678 casos activos de dengue y se mantiene en tres las defunciones a causa de esta enfermedad.<\/p>\n\n\n\n<p>Por lo anterior, la titular de la dependencia, Araceli Soria C\u00f3rdoba conmin\u00f3 a las y los poblanos a mantener limpios los hogares y descacharrizar patios, as\u00ed como voltear y\/o tapar los recipientes que contengan agua, pues son acciones que permitir\u00e1n eliminar la proliferaci\u00f3n del mosquito.<\/p>\n\n\n\n<p>De igual manera dijo que en un esfuerzo conjunto con la federaci\u00f3n se realizan operativos en los municipios de Iz\u00facar de Matamoros y Acatl\u00e1n de Osorio de forma simult\u00e1nea con control larvario y control de mosco adulto, as\u00ed como acciones de eliminaci\u00f3n de criaderos que llevan a cabo las autoridades sanitarias.<\/p>\n\n\n\n<p>Asimismo, reiter\u00f3 que, en caso de presentar fiebre alta, dolor muscular o de articulaciones, n\u00e1useas y v\u00f3mito, dolor de cabeza y sarpullido, es necesario acudir de inmediato a la unidad m\u00e9dica m\u00e1s cercana, para recibir el tratamiento adecuado.<\/p>\n\n\n\n<p>El gobierno presente de Sergio Salom\u00f3n, preocupado por la salud de las y los poblanos, mantiene la fumigaci\u00f3n contra el mosquito trasmisor de dengue y la capacitaci\u00f3n a la poblaci\u00f3n de la importancia de mantener sus hogares libres de criaderos de larvas.<\/p>\n\n\n\n<p>REGISTRA PUEBLA 32 NUEVOS CONTAGIOS DE COVID-19<\/p>\n\n\n\n<p>Por otro lado, la titular de los Servicios de Salud puntualiz\u00f3 que, al corte del jueves 03 de agosto, se registraron 32 nuevos contagios de COVID-19 en el estado y ninguna defunci\u00f3n a causa del virus.<\/p>\n\n\n\n<p>Soria C\u00f3rdoba precis\u00f3 que hay siete pacientes hospitalizados a causa del SARS-CoV-2, de los cuales ninguno requiere de ventilaci\u00f3n mec\u00e1nica asistida. Asimismo, dijo que existen 132 casos activos, entre ambulatorios y hospitalizados, los cuales est\u00e1n distribuidos en 29 municipios de la entidad.<\/p>\n\n\n\n<p>En ese sentido, la secretaria indic\u00f3 que por el momento el n\u00famero de casos no implican la necesidad de activar protocolos, sin embargo recomienda llevar a cabo acciones preventivas como el lavado frecuente de manos, estornudo de etiqueta y uso de gel antibacterial. De presentar s\u00edntomas, es necesario acudir a la unidad de salud m\u00e1s cercana.<\/p>\n","protected":false},"excerpt":{"rendered":"<p>El gobierno presente de Sergio Salom\u00f3n, a trav\u00e9s de la Secretar\u00eda de Salud, informa que en el estado hay 678 casos activos de dengue y se mantiene en tres las defunciones a causa de esta enfermedad. Por lo anterior, la titular de la dependencia, Araceli Soria C\u00f3rdoba conmin\u00f3 a las y los poblanos a mantener [&hellip;]<\/p>\n","protected":false},"author":4,"featured_media":30872,"comment_status":"open","ping_status":"open","sticky":false,"template":"","format":"standard","meta":{"om_disable_all_campaigns":false,"_monsterinsights_skip_tracking":false,"_monsterinsights_sitenote_active":false,"_monsterinsights_sitenote_note":"","_monsterinsights_sitenote_category":0,"footnotes":""},"categories":[175],"tags":[239,195,223],"class_list":["post-30871","post","type-post","status-publish","format-standard","has-post-thumbnail","hentry","category-local","tag-gobierno","tag-principal","tag-puebla"],"amp_enabled":true,"_links":{"self":[{"href":"https:\/\/lahora.mx\/index.php\/wp-json\/wp\/v2\/posts\/30871","targetHints":{"allow":["GET"]}}],"collection":[{"href":"https:\/\/lahora.mx\/index.php\/wp-json\/wp\/v2\/posts"}],"about":[{"href":"https:\/\/lahora.mx\/index.php\/wp-json\/wp\/v2\/types\/post"}],"author":[{"embeddable":true,"href":"https:\/\/lahora.mx\/index.php\/wp-json\/wp\/v2\/users\/4"}],"replies":[{"embeddable":true,"href":"https:\/\/lahora.mx\/index.php\/wp-json\/wp\/v2\/comments?post=30871"}],"version-history":[{"count":1,"href":"https:\/\/lahora.mx\/index.php\/wp-json\/wp\/v2\/posts\/30871\/revisions"}],"predecessor-version":[{"id":30873,"href":"https:\/\/lahora.mx\/index.php\/wp-json\/wp\/v2\/posts\/30871\/revisions\/30873"}],"wp:featuredmedia":[{"embeddable":true,"href":"https:\/\/lahora.mx\/index.php\/wp-json\/wp\/v2\/media\/30872"}],"wp:attachment":[{"href":"https:\/\/lahora.mx\/index.php\/wp-json\/wp\/v2\/media?parent=30871"}],"wp:term":[{"taxonomy":"category","embeddable":true,"href":"https:\/\/lahora.mx\/index.php\/wp-json\/wp\/v2\/categories?post=30871"},{"taxonomy":"post_tag","embeddable":true,"href":"https:\/\/lahora.mx\/index.php\/wp-json\/wp\/v2\/tags?post=30871"}],"curies":[{"name":"wp","href":"https:\/\/api.w.org\/{rel}","templated":true}]}}