{"id":30864,"date":"2023-08-04T17:36:39","date_gmt":"2023-08-04T17:36:39","guid":{"rendered":"http:\/\/lahora.mx\/?p=30864"},"modified":"2023-08-04T17:36:39","modified_gmt":"2023-08-04T17:36:39","slug":"alejandra-frausto-da-inicio-a-obras-en-templos-danados-por-19s-en-atlixco","status":"publish","type":"post","link":"https:\/\/lahora.mx\/index.php\/2023\/08\/04\/alejandra-frausto-da-inicio-a-obras-en-templos-danados-por-19s-en-atlixco\/","title":{"rendered":"Alejandra Frausto da inicio a obras en templos da\u00f1ados por 19S en Atlixco"},"content":{"rendered":"\n<p>La secretaria de Cultura del Gobierno de M\u00e9xico, Alejandra Frausto Guerrero, inform\u00f3 que iniciaron las obras de reconstrucci\u00f3n en 187 inmuebles de Puebla, que forman parte del patrimonio cultural y que resultaron da\u00f1ados por los sismos de 2017.<\/p>\n\n\n\n<p>Durante una visita al Templo de San Pedro y San Pablo Benito Ju\u00e1rez, ubicado en Atlixco, Puebla, y con el cual se da inicio simb\u00f3lico a los trabajos en este, la encargada de la pol\u00edtica cultural del pa\u00eds destac\u00f3:<br>\u201cTodos estos templos sufrieron un da\u00f1o tremendo, pero no se pueden reconstruir con las t\u00e9cnicas modernas, se tiene que reconocer su pasado y reconstruir con las t\u00e9cnicas que empalman con su origen, con las mismas manos que los construyeron -que son nuestros ancestros- se van a reconstruir con la gente de aqu\u00ed, pero con las t\u00e9cnicas originales. Eso representa un trabajo muy especializado\u201d.<\/p>\n\n\n\n<p>Al recordar que en Puebla se afectaron un total de 781 inmuebles del patrimonio cultural, de los cuales en 591 ya concluyeron obras, con una inversi\u00f3n de 1 mil 444 millones de pesos, explic\u00f3 que el presidente de M\u00e9xico, Andr\u00e9s Manuel L\u00f3pez Obrador, instruy\u00f3 el concluir con la reconstrucci\u00f3n en todo el pa\u00eds, por lo que destin\u00f3 recursos espec\u00edficos para ello.<\/p>\n\n\n\n<p>As\u00ed, los trabajos que se realizar\u00e1n en ocho estados del pa\u00eds, incluido Puebla, se hacen en conjunto la federaci\u00f3n, los gobiernos estatales, los municipios y la comunidad. \u201cHicimos grandes esfuerzos para que lo burocr\u00e1tico no le ganara tiempo a nada para empezar las obras, y estamos arrancando estas 187 obras en el estado de Puebla que vamos a concluir este a\u00f1o, eso significa que el pr\u00f3ximo a\u00f1o la fiesta patronal de julio se va a celebrar en su templo\u201d.<\/p>\n\n\n\n<p>Al hacer uso de la voz, el gobernador del estado, Sergio Salom\u00f3n C\u00e9spedes, reconoci\u00f3 el trabajo que el gobierno del presidente Andr\u00e9s Manuel L\u00f3pez Obrador y la secretaria de Cultura federal est\u00e1n haciendo por la recuperaci\u00f3n del patrimonio cultural afectado por los sismos de 2017.<\/p>\n\n\n\n<p>\u201cEste patrimonio fue olvidado por a\u00f1os, es hasta que llega el presidente Andr\u00e9s Manuel L\u00f3pez Obrador, en este sentido humanista que tiene muy claro, que este patrimonio no es de los que estamos disfrut\u00e1ndolo sino el de generaciones anteriores y de las que est\u00e1n por venir. \u00c9l asume la responsabilidad que tenemos que seguir todos, este patrimonio lo tenemos que cuidar entre todos\u201d.<\/p>\n\n\n\n<p>Destac\u00f3 el trabajo que se realiza en conjunto, puesto que significa un reto a distintos niveles: \u201cEs un gran reto porque es una infraestructura especializada, no es cualquier cosa, y significa grandes retos de log\u00edstica, infraestructura y recursos\u201d, y finaliz\u00f3 diciendo: \u201cesta acci\u00f3n se trata de darle a los hijos del pueblo patrimonio, identidad, historia y cultura\u201d.<\/p>\n\n\n\n<p>Al hacer uso de la voz, la presidenta municipal de Atlixco, Ariadna Ayala Camarillo, dijo que el Templo de San Pedro y San Pablo Benito Ju\u00e1rez es el coraz\u00f3n cultural del cual se desarrolla la mayor parte de la vida p\u00fablica de la comunidad y resguarda parte de sus tradiciones, es reconocido por la uni\u00f3n de su gente, la tradici\u00f3n milenaria de su lengua y su tierra.<\/p>\n\n\n\n<p>\u201cAl pie del volc\u00e1n Popocat\u00e9petl, nos presenta como una comunidad que integra lo m\u00e1s profundo del pueblo atlixquense\u201d. Y agreg\u00f3: \u201ccomo sociedad reconstruimos porque valoramos nuestro patrimonio, porque su fuerza nos enlaza con el pasado, velamos por la integridad de nuestros templos, edificios y construcciones porque cada uno de ellos nos da identidad y hace m\u00e1s claro nuestro origen\u201d.<\/p>\n\n\n\n<p>El director del Centro INAH Puebla, Manuel Villarruel V\u00e1zquez, agradeci\u00f3 el apoyo del gobierno federal para la restauraci\u00f3n del templo, \u201ces una obra muy necesitada, muy ansiada, que trabajamos de la mano de la comunidad, para presentarles el proyecto y que todos estuvieran enterados de los pasos que tuvimos que cubrir y gracias al apoyo del presidente de la Rep\u00fablica, se ve coronado este inicio\u201d.<\/p>\n","protected":false},"excerpt":{"rendered":"<p>La secretaria de Cultura del Gobierno de M\u00e9xico, Alejandra Frausto Guerrero, inform\u00f3 que iniciaron las obras de reconstrucci\u00f3n en 187 inmuebles de Puebla, que forman parte del patrimonio cultural y que resultaron da\u00f1ados por los sismos de 2017. Durante una visita al Templo de San Pedro y San Pablo Benito Ju\u00e1rez, ubicado en Atlixco, Puebla, [&hellip;]<\/p>\n","protected":false},"author":4,"featured_media":30865,"comment_status":"open","ping_status":"open","sticky":false,"template":"","format":"standard","meta":{"om_disable_all_campaigns":false,"_monsterinsights_skip_tracking":false,"_monsterinsights_sitenote_active":false,"_monsterinsights_sitenote_note":"","_monsterinsights_sitenote_category":0,"footnotes":""},"categories":[175],"tags":[223],"class_list":["post-30864","post","type-post","status-publish","format-standard","has-post-thumbnail","hentry","category-local","tag-puebla"],"amp_enabled":true,"_links":{"self":[{"href":"https:\/\/lahora.mx\/index.php\/wp-json\/wp\/v2\/posts\/30864","targetHints":{"allow":["GET"]}}],"collection":[{"href":"https:\/\/lahora.mx\/index.php\/wp-json\/wp\/v2\/posts"}],"about":[{"href":"https:\/\/lahora.mx\/index.php\/wp-json\/wp\/v2\/types\/post"}],"author":[{"embeddable":true,"href":"https:\/\/lahora.mx\/index.php\/wp-json\/wp\/v2\/users\/4"}],"replies":[{"embeddable":true,"href":"https:\/\/lahora.mx\/index.php\/wp-json\/wp\/v2\/comments?post=30864"}],"version-history":[{"count":1,"href":"https:\/\/lahora.mx\/index.php\/wp-json\/wp\/v2\/posts\/30864\/revisions"}],"predecessor-version":[{"id":30866,"href":"https:\/\/lahora.mx\/index.php\/wp-json\/wp\/v2\/posts\/30864\/revisions\/30866"}],"wp:featuredmedia":[{"embeddable":true,"href":"https:\/\/lahora.mx\/index.php\/wp-json\/wp\/v2\/media\/30865"}],"wp:attachment":[{"href":"https:\/\/lahora.mx\/index.php\/wp-json\/wp\/v2\/media?parent=30864"}],"wp:term":[{"taxonomy":"category","embeddable":true,"href":"https:\/\/lahora.mx\/index.php\/wp-json\/wp\/v2\/categories?post=30864"},{"taxonomy":"post_tag","embeddable":true,"href":"https:\/\/lahora.mx\/index.php\/wp-json\/wp\/v2\/tags?post=30864"}],"curies":[{"name":"wp","href":"https:\/\/api.w.org\/{rel}","templated":true}]}}