{"id":30854,"date":"2023-08-04T16:50:23","date_gmt":"2023-08-04T16:50:23","guid":{"rendered":"http:\/\/lahora.mx\/?p=30854"},"modified":"2023-08-04T16:50:23","modified_gmt":"2023-08-04T16:50:23","slug":"en-atlixco-entregan-e-inauguran-obras-por-el-gobierno","status":"publish","type":"post","link":"https:\/\/lahora.mx\/index.php\/2023\/08\/04\/en-atlixco-entregan-e-inauguran-obras-por-el-gobierno\/","title":{"rendered":"En Atlixco, entregan\u00a0e inauguran obras por el gobierno"},"content":{"rendered":"\n<p>Con el trabajo coordinado entre los tres niveles de gobierno, la secretar\u00eda de Cultura del Gobierno Federal, Alejandra Frausto Guerrero, el Gobernador del Estado de Puebla, Sergio Salom\u00f3n C\u00e9spedes Peregrina y la presidenta municipal, Ariadna Ayala encabezaron el acto protocolario para dar arranque a los trabajos de rehabilitaci\u00f3n del Templo de San Pedro y San Pablo en la junta auxiliar de San Pedro Benito Ju\u00e1rez, el cual se llevar\u00e1 en coordinaci\u00f3n con el Instituto Nacional de Antropolog\u00eda e Historia (INAH).<\/p>\n\n\n\n<p>Al respecto, la secretaria de Cultura, destac\u00f3 que desde el pasado sismo del a\u00f1o 2017, el Gobierno Federal ha invertido cerca de 144 millones de pesos para la restauraci\u00f3n de 591 inmuebles, y este a\u00f1o, se espera entregar 187 m\u00e1s con un monto cercano a los 800 millones de pesos.<\/p>\n\n\n\n<p>Por su parte, Sergio Salom\u00f3n C\u00e9spedes reconoci\u00f3 el trabajo de la mun\u00edcipe, Ariadna Ayala a qui\u00e9n llam\u00f3 una mujer aliada de la Cuarta Transformaci\u00f3n y que est\u00e1 dejando huella en Atlixco, asimismo, se\u00f1al\u00f3 que el Gobierno del Estado sum\u00f3 esfuerzos con el mandatario federal a trav\u00e9s de convenios que les permitir\u00e1n rescatar y proteger 187 monumentos hist\u00f3ricos que forman parte del patrimonio cultural y legado hist\u00f3rico de las futuras generaciones.<\/p>\n\n\n\n<p>Mientras que la edil, Ariadna Ayala, agradeci\u00f3 al gobierno estatal y al Presidente de M\u00e9xico Andr\u00e9s Manuel L\u00f3pez Obrador, por esta reconstrucci\u00f3n y reconoci\u00f3 la labor de los pobladores de esta junta auxiliar.<\/p>\n\n\n\n<p>Posterior a ello, las autoridades se trasladaron a la colonia El Cerril para inaugurar la vialidad principal de esta zona, la cual conecta a varias comunidades, as\u00ed como al municipio de San Juan Tianguismanalco, obra que fue intervenida con apoyo del Gobierno Estatal a trav\u00e9s de la Secretar\u00eda de Infraestructura, de igual forma, al interior del Instituto Tecnol\u00f3gico Superior de Atlixco, el gobernador y la alcaldesa pusieron en operaci\u00f3n la Estaci\u00f3n de Monitoreo Atmosf\u00e9rico \u201cAtlixco\u201d, as\u00ed como la integraci\u00f3n a la Red Estatal de Monitoreo Atmosf\u00e9rico (REMA), la segunda en su categor\u00eda en la regi\u00f3n de Atlixco, que permitir\u00e1 realizar un diagn\u00f3stico de la calidad del aire e identificar los niveles de contaminaci\u00f3n para el bienestar de las familias.<\/p>\n","protected":false},"excerpt":{"rendered":"<p>Con el trabajo coordinado entre los tres niveles de gobierno, la secretar\u00eda de Cultura del Gobierno Federal, Alejandra Frausto Guerrero, el Gobernador del Estado de Puebla, Sergio Salom\u00f3n C\u00e9spedes Peregrina y la presidenta municipal, Ariadna Ayala encabezaron el acto protocolario para dar arranque a los trabajos de rehabilitaci\u00f3n del Templo de San Pedro y San [&hellip;]<\/p>\n","protected":false},"author":4,"featured_media":30855,"comment_status":"open","ping_status":"open","sticky":false,"template":"","format":"standard","meta":{"om_disable_all_campaigns":false,"_monsterinsights_skip_tracking":false,"_monsterinsights_sitenote_active":false,"_monsterinsights_sitenote_note":"","_monsterinsights_sitenote_category":0,"footnotes":""},"categories":[175],"tags":[223],"class_list":["post-30854","post","type-post","status-publish","format-standard","has-post-thumbnail","hentry","category-local","tag-puebla"],"amp_enabled":true,"_links":{"self":[{"href":"https:\/\/lahora.mx\/index.php\/wp-json\/wp\/v2\/posts\/30854","targetHints":{"allow":["GET"]}}],"collection":[{"href":"https:\/\/lahora.mx\/index.php\/wp-json\/wp\/v2\/posts"}],"about":[{"href":"https:\/\/lahora.mx\/index.php\/wp-json\/wp\/v2\/types\/post"}],"author":[{"embeddable":true,"href":"https:\/\/lahora.mx\/index.php\/wp-json\/wp\/v2\/users\/4"}],"replies":[{"embeddable":true,"href":"https:\/\/lahora.mx\/index.php\/wp-json\/wp\/v2\/comments?post=30854"}],"version-history":[{"count":1,"href":"https:\/\/lahora.mx\/index.php\/wp-json\/wp\/v2\/posts\/30854\/revisions"}],"predecessor-version":[{"id":30856,"href":"https:\/\/lahora.mx\/index.php\/wp-json\/wp\/v2\/posts\/30854\/revisions\/30856"}],"wp:featuredmedia":[{"embeddable":true,"href":"https:\/\/lahora.mx\/index.php\/wp-json\/wp\/v2\/media\/30855"}],"wp:attachment":[{"href":"https:\/\/lahora.mx\/index.php\/wp-json\/wp\/v2\/media?parent=30854"}],"wp:term":[{"taxonomy":"category","embeddable":true,"href":"https:\/\/lahora.mx\/index.php\/wp-json\/wp\/v2\/categories?post=30854"},{"taxonomy":"post_tag","embeddable":true,"href":"https:\/\/lahora.mx\/index.php\/wp-json\/wp\/v2\/tags?post=30854"}],"curies":[{"name":"wp","href":"https:\/\/api.w.org\/{rel}","templated":true}]}}