{"id":30808,"date":"2023-08-04T00:21:46","date_gmt":"2023-08-04T00:21:46","guid":{"rendered":"http:\/\/lahora.mx\/?p=30808"},"modified":"2023-08-04T00:21:46","modified_gmt":"2023-08-04T00:21:46","slug":"trump-niega-culpabilidad-por-cargos-de-conspiracion-sobre-elecciones-2020","status":"publish","type":"post","link":"https:\/\/lahora.mx\/index.php\/2023\/08\/04\/trump-niega-culpabilidad-por-cargos-de-conspiracion-sobre-elecciones-2020\/","title":{"rendered":"Trump niega culpabilidad por cargos de conspiraci\u00f3n sobre elecciones 2020"},"content":{"rendered":"\n<p>Donald Trump se declar\u00f3 no culpable de los cargos de conspiraci\u00f3n para obstruir las elecciones presidenciales de 2020 e interferir con los derechos de voto de millones de personas estadounidenses.<\/p>\n\n\n\n<p>El expresidente fue procesado este jueves en el tribunal federal de Washington y se declar\u00f3 inocente. Se espera que permanezca libre a medida que avanza la acusaci\u00f3n.<\/p>\n\n\n\n<p>Este es el tercer caso penal contra Trump, y el fiscal de distrito del condado de Fulton, Georgia, anunciar\u00e1 pronto si presentar\u00e1 una cuarta acusaci\u00f3n relacionada con su investigaci\u00f3n de interferencia electoral en el estado.<\/p>\n\n\n\n<p>El viaje de Trump a su comparecencia fue narrado en televisi\u00f3n en vivo cuando una fila de veh\u00edculos oscuros sal\u00eda de su campo de golf en Bedminster, Nueva Jersey, hacia su avi\u00f3n privado en el Aeropuerto Internacional de Newark.<\/p>\n\n\n\n<p>Caso Mar\u00eda Fernanda: Interpol emite ficha amarilla por desaparici\u00f3n en Alemania<br>Mar\u00eda Fernanda es buscada por grupos de mujeres y voluntarios que se han conformado en Alemania.<br>Esa cobertura incluy\u00f3 el aterrizaje de su avi\u00f3n en el Aeropuerto Nacional Reagan en Washington y su caravana que ingresa a la capital de la naci\u00f3n. El edificio de la corte se encuentra a la vista del Capitolio de Estados Unidos, que fue atacado por turbas de sus seguidores el 6 de enero de 2021 cuando el Congreso certificaba la victoria de Joe Biden.<\/p>\n\n\n\n<p>El mi\u00e9rcoles por la noche, Trump afirm\u00f3 que ser\u00eda imposible tener un juicio justo en Washington DC.<\/p>\n\n\n\n<p>\u201cIMPOSIBLE tener un juicio justo en Washington DC, que es 95% antiTrump, por lo que he pedido una TOMA DE CONTROL Federal para devolver la Grandeza a nuestra Capital\u201d, dijo en su red social Truth.<\/p>\n\n\n\n<p>El expresidente republicano ha sido acusado por cuatro cargos: conspiraci\u00f3n para defraudar a Estados Unidos, conspiraci\u00f3n para obstruir un procedimiento oficial, obstrucci\u00f3n e intento de obstruir un procedimiento oficial y conspiraci\u00f3n contra derechos.<\/p>\n\n\n\n<p>El cargo por conspiraci\u00f3n por defraudar, podr\u00eda costarle una pena m\u00e1xima de cinco a\u00f1os de c\u00e1rcel. El segundo y el tercero tendr\u00eda una pena de veinte a\u00f1os; en tanto, el cuarto cargo ser\u00eda de 10 a\u00f1os de prisi\u00f3n.<\/p>\n","protected":false},"excerpt":{"rendered":"<p>Donald Trump se declar\u00f3 no culpable de los cargos de conspiraci\u00f3n para obstruir las elecciones presidenciales de 2020 e interferir con los derechos de voto de millones de personas estadounidenses. El expresidente fue procesado este jueves en el tribunal federal de Washington y se declar\u00f3 inocente. Se espera que permanezca libre a medida que avanza [&hellip;]<\/p>\n","protected":false},"author":4,"featured_media":30809,"comment_status":"open","ping_status":"open","sticky":false,"template":"","format":"standard","meta":{"om_disable_all_campaigns":false,"_monsterinsights_skip_tracking":false,"_monsterinsights_sitenote_active":false,"_monsterinsights_sitenote_note":"","_monsterinsights_sitenote_category":0,"footnotes":""},"categories":[183],"tags":[],"class_list":["post-30808","post","type-post","status-publish","format-standard","has-post-thumbnail","hentry","category-internacional"],"amp_enabled":true,"_links":{"self":[{"href":"https:\/\/lahora.mx\/index.php\/wp-json\/wp\/v2\/posts\/30808","targetHints":{"allow":["GET"]}}],"collection":[{"href":"https:\/\/lahora.mx\/index.php\/wp-json\/wp\/v2\/posts"}],"about":[{"href":"https:\/\/lahora.mx\/index.php\/wp-json\/wp\/v2\/types\/post"}],"author":[{"embeddable":true,"href":"https:\/\/lahora.mx\/index.php\/wp-json\/wp\/v2\/users\/4"}],"replies":[{"embeddable":true,"href":"https:\/\/lahora.mx\/index.php\/wp-json\/wp\/v2\/comments?post=30808"}],"version-history":[{"count":1,"href":"https:\/\/lahora.mx\/index.php\/wp-json\/wp\/v2\/posts\/30808\/revisions"}],"predecessor-version":[{"id":30810,"href":"https:\/\/lahora.mx\/index.php\/wp-json\/wp\/v2\/posts\/30808\/revisions\/30810"}],"wp:featuredmedia":[{"embeddable":true,"href":"https:\/\/lahora.mx\/index.php\/wp-json\/wp\/v2\/media\/30809"}],"wp:attachment":[{"href":"https:\/\/lahora.mx\/index.php\/wp-json\/wp\/v2\/media?parent=30808"}],"wp:term":[{"taxonomy":"category","embeddable":true,"href":"https:\/\/lahora.mx\/index.php\/wp-json\/wp\/v2\/categories?post=30808"},{"taxonomy":"post_tag","embeddable":true,"href":"https:\/\/lahora.mx\/index.php\/wp-json\/wp\/v2\/tags?post=30808"}],"curies":[{"name":"wp","href":"https:\/\/api.w.org\/{rel}","templated":true}]}}