{"id":30762,"date":"2023-08-03T02:34:20","date_gmt":"2023-08-03T02:34:20","guid":{"rendered":"http:\/\/lahora.mx\/?p=30762"},"modified":"2023-08-03T02:34:20","modified_gmt":"2023-08-03T02:34:20","slug":"audi-y-volkswagen-aumentan-su-comercializacion-23-y-7-1-de-enero-a-julio","status":"publish","type":"post","link":"https:\/\/lahora.mx\/index.php\/2023\/08\/03\/audi-y-volkswagen-aumentan-su-comercializacion-23-y-7-1-de-enero-a-julio\/","title":{"rendered":"Audi y Volkswagen aumentan su comercializaci\u00f3n 23 % y 7.1% de enero a julio"},"content":{"rendered":"\n<p>Aunque el panorama global a\u00fan no es ideal por las afectaciones del Covid-19 a la econom\u00eda, la comercializaci\u00f3n de Audi y Volkswagen M\u00e9xico aumentaron 23 puntos porcentuales y 7,1 por ciento, durante los primeros siete meses de 2023, en encontraste con el mismo periodo del a\u00f1o previo.<\/p>\n\n\n\n<p>En la reciente entrega del Instituto Nacional de Estad\u00edstica y Geograf\u00eda (INEGI), subray\u00f3 que la empresa de autos de lujo del consorcio Volkswagen, vendi\u00f3 cinco mil 965 unidades en el 2022, pero este a\u00f1o suma siete mil 341.<\/p>\n\n\n\n<p>La planta localizada en San Jos\u00e9 Chiapa ha superado en 5.5 por ciento, los autos ubicados entre sus compradores en el 2019, en donde vendi\u00f3 seis mil 954 unidades, previo a la crisis econ\u00f3mica causada por el SARS-COV-2.<\/p>\n\n\n\n<p>El estudio demosc\u00f3pico del INEGI, indica que los Audi SB, A3, Q3, Q2 y el Q5, son los que m\u00e1s compran los fans de la empresa de los cuatro aros.<\/p>\n\n\n\n<p>La encuesta destaca que Volkswagen M\u00e9xico comercializ\u00f3 cuatro mil 031 unidades durante el \u00faltimo a\u00f1o, al pasar de 56 mil 199 a los 60 mil 230 autos.<\/p>\n\n\n\n<p>Pero estos buenos indicadores se\u00f1alan que a la armadora de Cuautlancingo le falta vender m\u00e1s para alcanzar las 80 mil 101 unidades comercializadas en 2019, que significa 32.99 por ciento m\u00e1s que en este periodo de enero a julio.<\/p>\n\n\n\n<p>Tiguan, Saveiro, Vento, pero tambi\u00e9n Taos y Polo de cuatro puertas son los modelos m\u00e1s vendidos, pero Tiguan y Taos, salen de las l\u00edneas de producci\u00f3n de la planta poblana.<\/p>\n","protected":false},"excerpt":{"rendered":"<p>Aunque el panorama global a\u00fan no es ideal por las afectaciones del Covid-19 a la econom\u00eda, la comercializaci\u00f3n de Audi y Volkswagen M\u00e9xico aumentaron 23 puntos porcentuales y 7,1 por ciento, durante los primeros siete meses de 2023, en encontraste con el mismo periodo del a\u00f1o previo. En la reciente entrega del Instituto Nacional de [&hellip;]<\/p>\n","protected":false},"author":4,"featured_media":30763,"comment_status":"open","ping_status":"open","sticky":false,"template":"","format":"standard","meta":{"om_disable_all_campaigns":false,"_monsterinsights_skip_tracking":false,"_monsterinsights_sitenote_active":false,"_monsterinsights_sitenote_note":"","_monsterinsights_sitenote_category":0,"footnotes":""},"categories":[175,176],"tags":[223],"class_list":["post-30762","post","type-post","status-publish","format-standard","has-post-thumbnail","hentry","category-local","category-nacional","tag-puebla"],"amp_enabled":true,"_links":{"self":[{"href":"https:\/\/lahora.mx\/index.php\/wp-json\/wp\/v2\/posts\/30762","targetHints":{"allow":["GET"]}}],"collection":[{"href":"https:\/\/lahora.mx\/index.php\/wp-json\/wp\/v2\/posts"}],"about":[{"href":"https:\/\/lahora.mx\/index.php\/wp-json\/wp\/v2\/types\/post"}],"author":[{"embeddable":true,"href":"https:\/\/lahora.mx\/index.php\/wp-json\/wp\/v2\/users\/4"}],"replies":[{"embeddable":true,"href":"https:\/\/lahora.mx\/index.php\/wp-json\/wp\/v2\/comments?post=30762"}],"version-history":[{"count":1,"href":"https:\/\/lahora.mx\/index.php\/wp-json\/wp\/v2\/posts\/30762\/revisions"}],"predecessor-version":[{"id":30764,"href":"https:\/\/lahora.mx\/index.php\/wp-json\/wp\/v2\/posts\/30762\/revisions\/30764"}],"wp:featuredmedia":[{"embeddable":true,"href":"https:\/\/lahora.mx\/index.php\/wp-json\/wp\/v2\/media\/30763"}],"wp:attachment":[{"href":"https:\/\/lahora.mx\/index.php\/wp-json\/wp\/v2\/media?parent=30762"}],"wp:term":[{"taxonomy":"category","embeddable":true,"href":"https:\/\/lahora.mx\/index.php\/wp-json\/wp\/v2\/categories?post=30762"},{"taxonomy":"post_tag","embeddable":true,"href":"https:\/\/lahora.mx\/index.php\/wp-json\/wp\/v2\/tags?post=30762"}],"curies":[{"name":"wp","href":"https:\/\/api.w.org\/{rel}","templated":true}]}}