{"id":30756,"date":"2023-08-03T02:10:12","date_gmt":"2023-08-03T02:10:12","guid":{"rendered":"http:\/\/lahora.mx\/?p=30756"},"modified":"2023-08-03T02:10:13","modified_gmt":"2023-08-03T02:10:13","slug":"padre-e-hijo-asesinados-en-guerrero-no-eran-operadores-de-ebrard-menciona-juan-carlos-natele","status":"publish","type":"post","link":"https:\/\/lahora.mx\/index.php\/2023\/08\/03\/padre-e-hijo-asesinados-en-guerrero-no-eran-operadores-de-ebrard-menciona-juan-carlos-natele\/","title":{"rendered":"Padre e hijo asesinados en Guerrero no eran operadores de Ebrard menciona Juan Carlos Natele"},"content":{"rendered":"\n<p>Juan Carlos Natale L\u00f3pez, coordinador estatal de Marcelo Ebrard Casaub\u00f3n, aspirante a la presidencia por Morena, neg\u00f3 que el padre e hijo asesinados en Guerrero fueran operadores pol\u00edticos del presidenciable y descart\u00f3 que tales hechos tengan tintes pol\u00edticos.<\/p>\n\n\n\n<p>En rueda de prensa, desde el Hotel Gilfer en el Centro Hist\u00f3rico, afirm\u00f3 que Jos\u00e9 Guadalupe Fuentes Brito no era operador pol\u00edtico de Marcelo Ebrard, como muchos medios de comunicaci\u00f3n dieron a conocer.<\/p>\n\n\n\n<p>Tambi\u00e9n respald\u00f3 la versi\u00f3n policial que indica que la muerte del empresario y su hijo se trat\u00f3 de un ataque directo, hecho que lament\u00f3 debido a la cercan\u00eda que manten\u00eda con el exsecretario de Relaciones Exteriores.<br>Natale L\u00f3pez neg\u00f3 que el hecho tuviera relaci\u00f3n con el proceso interno de designaci\u00f3n de la candidatura presidencial de Morena, a pesar de que tambi\u00e9n fue asesinada la activista Zayma Zoraya Zamora, operadora de Ad\u00e1n Augusto L\u00f3pez.<\/p>\n\n\n\n<p>Aunque se le cuestion\u00f3 al respecto, evit\u00f3 mencionar si \u00e9l o sus colaboradores hab\u00edan recibido alguna amenaza o enfrentado un hecho similar en Puebla.<\/p>\n\n\n\n<p>\u00abBrito era su amigo personal y no tiene que ver con el proceso interno. Fue su operador de medios en la Ciudad de M\u00e9xico y muchos medios han dicho que era, actualmente, su operador, eso es falso\u00bb, coment\u00f3 el tambi\u00e9n diputado federal.<br>El 26 de julio, la Fiscal\u00eda General del Estado (FGE) de Veracruz inform\u00f3 que la activista y excandidata a la presidencia municipal de Poza Rica, Zayma Zoraya Zamora Garc\u00eda, fue asesinada.<\/p>\n\n\n\n<p>D\u00edas despu\u00e9s, el 29 de julio, trascendi\u00f3 que el empresario Jos\u00e9 Guadalupe Fuentes Brito y su hijo, fueron ultimados cuando viajaban sobre la carretera que conecta la capital con Acapulco. Es as\u00ed que Natale afirma que padre e hijo asesinados en Guerrero no eran operadores de Ebrard.<\/p>\n","protected":false},"excerpt":{"rendered":"<p>Juan Carlos Natale L\u00f3pez, coordinador estatal de Marcelo Ebrard Casaub\u00f3n, aspirante a la presidencia por Morena, neg\u00f3 que el padre e hijo asesinados en Guerrero fueran operadores pol\u00edticos del presidenciable y descart\u00f3 que tales hechos tengan tintes pol\u00edticos. En rueda de prensa, desde el Hotel Gilfer en el Centro Hist\u00f3rico, afirm\u00f3 que Jos\u00e9 Guadalupe Fuentes [&hellip;]<\/p>\n","protected":false},"author":4,"featured_media":30757,"comment_status":"open","ping_status":"open","sticky":false,"template":"","format":"standard","meta":{"om_disable_all_campaigns":false,"_monsterinsights_skip_tracking":false,"_monsterinsights_sitenote_active":false,"_monsterinsights_sitenote_note":"","_monsterinsights_sitenote_category":0,"footnotes":""},"categories":[176],"tags":[],"class_list":["post-30756","post","type-post","status-publish","format-standard","has-post-thumbnail","hentry","category-nacional"],"amp_enabled":true,"_links":{"self":[{"href":"https:\/\/lahora.mx\/index.php\/wp-json\/wp\/v2\/posts\/30756","targetHints":{"allow":["GET"]}}],"collection":[{"href":"https:\/\/lahora.mx\/index.php\/wp-json\/wp\/v2\/posts"}],"about":[{"href":"https:\/\/lahora.mx\/index.php\/wp-json\/wp\/v2\/types\/post"}],"author":[{"embeddable":true,"href":"https:\/\/lahora.mx\/index.php\/wp-json\/wp\/v2\/users\/4"}],"replies":[{"embeddable":true,"href":"https:\/\/lahora.mx\/index.php\/wp-json\/wp\/v2\/comments?post=30756"}],"version-history":[{"count":1,"href":"https:\/\/lahora.mx\/index.php\/wp-json\/wp\/v2\/posts\/30756\/revisions"}],"predecessor-version":[{"id":30758,"href":"https:\/\/lahora.mx\/index.php\/wp-json\/wp\/v2\/posts\/30756\/revisions\/30758"}],"wp:featuredmedia":[{"embeddable":true,"href":"https:\/\/lahora.mx\/index.php\/wp-json\/wp\/v2\/media\/30757"}],"wp:attachment":[{"href":"https:\/\/lahora.mx\/index.php\/wp-json\/wp\/v2\/media?parent=30756"}],"wp:term":[{"taxonomy":"category","embeddable":true,"href":"https:\/\/lahora.mx\/index.php\/wp-json\/wp\/v2\/categories?post=30756"},{"taxonomy":"post_tag","embeddable":true,"href":"https:\/\/lahora.mx\/index.php\/wp-json\/wp\/v2\/tags?post=30756"}],"curies":[{"name":"wp","href":"https:\/\/api.w.org\/{rel}","templated":true}]}}