{"id":30741,"date":"2023-08-03T01:00:52","date_gmt":"2023-08-03T01:00:52","guid":{"rendered":"http:\/\/lahora.mx\/?p=30741"},"modified":"2023-08-03T01:00:53","modified_gmt":"2023-08-03T01:00:53","slug":"asesor-de-armenta-se-disculpa-por-comprar-audi-de-3-mdp","status":"publish","type":"post","link":"https:\/\/lahora.mx\/index.php\/2023\/08\/03\/asesor-de-armenta-se-disculpa-por-comprar-audi-de-3-mdp\/","title":{"rendered":"Asesor de Armenta se disculpa por comprar Audi de 3 mdp"},"content":{"rendered":"\n<p>Jos\u00e9 Luis Garc\u00eda Parra extern\u00f3 una disculpa p\u00fablica por ir en contra de los postulados de austeridad de Morena al ser captado a bordo de un veh\u00edculo marca Audi R8 valuado en tres millones de pesos.<\/p>\n\n\n\n<p>Garc\u00eda Parra, actual asesor de Alejandro Armenta Mier, presidente del Senado en M\u00e9xico, fue objeto de controversia luego de que circularan videos y fotograf\u00edas en redes sociales donde se pasea a bordo del veh\u00edculo.<\/p>\n\n\n\n<p>\u00bfC\u00f3mo adquiri\u00f3 el veh\u00edculo valuado en 3 MDP?<br>Jos\u00e9 Luis Parra, licenciado en Comercio Exterior por la Universidad Madero, explic\u00f3 en sus redes sociales haber adquirido un cr\u00e9dito para la compra del veh\u00edculo que, reconoci\u00f3, se trata de un \u201cauto de alta gama\u201d.<br>Asimismo, declar\u00f3 que se trat\u00f3 de una decisi\u00f3n personal que va en contra de los postulados del partido en el cual milita.<\/p>\n\n\n\n<p>\u201cOfrezco una disculpa a quienes creen en un proyecto cuya bandera es la austeridad\u201d, puntualiz\u00f3 en su cuenta de Twitter.<\/p>\n\n\n\n<p>N\u00fameros no cuadran con el particular de Armenta<br>El costo del veh\u00edculo con el que fue exhibido en redes sociales es tres veces mayor al ingreso anual que declar\u00f3 en su \u00faltima declaraci\u00f3n patrimonial.<\/p>\n\n\n\n<p>Su declaraci\u00f3n patrimonial de mayo de 2022 alojada en la Plataforma Nacional de Transparencia indica que el operador del senador morenista reporta un ingreso anual de 811 mil 257 pesos.<\/p>\n\n\n\n<p>Para adquirir un veh\u00edculo de la magnitud de un Audi R8 necesitar\u00eda casi cuatro a\u00f1os de salario \u00edntegro, es decir, sin gastar un solo peso, pues los precios de los modelos oscilan entre los 3 millones 149 mil 900 pesos y los 3 millones 929 mil 900 pesos.<\/p>\n\n\n\n<p>Garc\u00eda Parra es considerado uno de los hombres m\u00e1s cercanos a Alejandro Armenta Mier, otro de los aspirantes a la gubernatura de Puebla por Morena.<\/p>\n\n\n\n<p>De igual manera capt\u00f3 la atenci\u00f3n de muchos usuarios debido a que el ostentoso veh\u00edculo que maneja no cuenta con placas de circulaci\u00f3n.<\/p>\n\n\n\n<p>Otra declaraci\u00f3n patrimonial del 2021 revela que pag\u00f3 645 mil pesos de contado para adquirir un inmueble y compr\u00f3 una camioneta Chevrolet Tahoe 2021 mediante un cr\u00e9dito bancario por un mill\u00f3n 518 mil pesos.<\/p>\n\n\n\n<p>Tambi\u00e9n declara deudas por pagar por un cr\u00e9dito automotriz y un cr\u00e9dito hipotecario, sumando 408 mil 179 pesos y un mill\u00f3n 122 mil 689 pesos, respectivamente, desde noviembre de 2019, como revel\u00f3 el portal LATINUS.<\/p>\n\n\n\n<p>\u00bfQui\u00e9n es Jos\u00e9 Luis Garc\u00eda Parra?<\/p>\n\n\n\n<p>La experiencia laboral de Garc\u00eda Parra incluye cargos como asesor legislativo en la C\u00e1mara de Diputados entre septiembre de 2015 y mayo de 2018, as\u00ed como secretario t\u00e9cnico del Senado de la Rep\u00fablica desde octubre de 2018 hasta agosto de 2022.<\/p>\n\n\n\n<p>Tambi\u00e9n se menciona su participaci\u00f3n como secretario de Acci\u00f3n Electoral del Comit\u00e9 Directivo Estatal del PRI en Puebla entre marzo de 2016 y mayo de 2017.<\/p>\n\n\n\n<p>De manera reciente, durante el cierre del periodo legislativo, Alejandro Armenta propuso la desaparici\u00f3n del Instituto Nacional de Transparencia y Acceso a la Informaci\u00f3n (INAI) tras argumentar la necesidad de reducir los gastos de la burocracia y ajustarse a la pol\u00edtica de austeridad del gobierno federal.<\/p>\n","protected":false},"excerpt":{"rendered":"<p>Jos\u00e9 Luis Garc\u00eda Parra extern\u00f3 una disculpa p\u00fablica por ir en contra de los postulados de austeridad de Morena al ser captado a bordo de un veh\u00edculo marca Audi R8 valuado en tres millones de pesos. Garc\u00eda Parra, actual asesor de Alejandro Armenta Mier, presidente del Senado en M\u00e9xico, fue objeto de controversia luego de [&hellip;]<\/p>\n","protected":false},"author":4,"featured_media":30742,"comment_status":"open","ping_status":"open","sticky":false,"template":"","format":"standard","meta":{"om_disable_all_campaigns":false,"_monsterinsights_skip_tracking":false,"_monsterinsights_sitenote_active":false,"_monsterinsights_sitenote_note":"","_monsterinsights_sitenote_category":0,"footnotes":""},"categories":[175],"tags":[223],"class_list":["post-30741","post","type-post","status-publish","format-standard","has-post-thumbnail","hentry","category-local","tag-puebla"],"amp_enabled":true,"_links":{"self":[{"href":"https:\/\/lahora.mx\/index.php\/wp-json\/wp\/v2\/posts\/30741","targetHints":{"allow":["GET"]}}],"collection":[{"href":"https:\/\/lahora.mx\/index.php\/wp-json\/wp\/v2\/posts"}],"about":[{"href":"https:\/\/lahora.mx\/index.php\/wp-json\/wp\/v2\/types\/post"}],"author":[{"embeddable":true,"href":"https:\/\/lahora.mx\/index.php\/wp-json\/wp\/v2\/users\/4"}],"replies":[{"embeddable":true,"href":"https:\/\/lahora.mx\/index.php\/wp-json\/wp\/v2\/comments?post=30741"}],"version-history":[{"count":1,"href":"https:\/\/lahora.mx\/index.php\/wp-json\/wp\/v2\/posts\/30741\/revisions"}],"predecessor-version":[{"id":30743,"href":"https:\/\/lahora.mx\/index.php\/wp-json\/wp\/v2\/posts\/30741\/revisions\/30743"}],"wp:featuredmedia":[{"embeddable":true,"href":"https:\/\/lahora.mx\/index.php\/wp-json\/wp\/v2\/media\/30742"}],"wp:attachment":[{"href":"https:\/\/lahora.mx\/index.php\/wp-json\/wp\/v2\/media?parent=30741"}],"wp:term":[{"taxonomy":"category","embeddable":true,"href":"https:\/\/lahora.mx\/index.php\/wp-json\/wp\/v2\/categories?post=30741"},{"taxonomy":"post_tag","embeddable":true,"href":"https:\/\/lahora.mx\/index.php\/wp-json\/wp\/v2\/tags?post=30741"}],"curies":[{"name":"wp","href":"https:\/\/api.w.org\/{rel}","templated":true}]}}