{"id":30730,"date":"2023-08-02T18:15:28","date_gmt":"2023-08-02T18:15:28","guid":{"rendered":"http:\/\/lahora.mx\/?p=30730"},"modified":"2023-08-02T18:15:29","modified_gmt":"2023-08-02T18:15:29","slug":"entrega-de-bases-a-personal-medico-es-un-acto-de-justicia-menciona-la-gobernadora-lorena-cuellar","status":"publish","type":"post","link":"https:\/\/lahora.mx\/index.php\/2023\/08\/02\/entrega-de-bases-a-personal-medico-es-un-acto-de-justicia-menciona-la-gobernadora-lorena-cuellar\/","title":{"rendered":"Entrega de bases a personal m\u00e9dico es un acto de justicia menciona la gobernadora Lorena Cu\u00e9llar"},"content":{"rendered":"\n<p>\u201cHacer justicia a quienes hab\u00edan sido olvidados y favorecer el bienestar de todas las personas es la principal motivaci\u00f3n de nuestras acciones\u201d, asever\u00f3 la gobernadora Lorena Cu\u00e9llar Cisneros al asignar 57 bases laborales m\u00e9dicas.<\/p>\n\n\n\n<p>M\u00f3dulos M\u00e9dicos de Salud Integral, nuevo servicio m\u00e9dico para bur\u00f3cratas<br>Ante miembros de la Secretar\u00eda de Salud (Sesa) enfatiz\u00f3 que la entrega de las bases laborales representa un acto de justicia que transformar\u00e1 la vida de 57 trabajadores, al acceder a mejores condiciones laborales en retribuci\u00f3n a su compromiso, \u00e9tica, dedicaci\u00f3n y profesionalismo durante m\u00e1s de nueve, 10 y 12 a\u00f1os de trabajo.<\/p>\n\n\n\n<p>La asignaci\u00f3n de bases formalizadas y regularizadas fue a 22 m\u00e9dicos especialistas, tres m\u00e9dicos generales, 29 auxiliares de enfermer\u00eda, una enfermera general, un t\u00e9cnico en radiolog\u00eda y un auxiliar de laboratorio.<\/p>\n\n\n\n<p>La formalizaci\u00f3n de los trabajadores les permitir\u00e1 la ampliaci\u00f3n de prestaciones como: aguinaldo, vacaciones, d\u00edas econ\u00f3micos, entre otros. Adem\u00e1s de gozar de la posibilidad de crecer laboralmente dentro del sector p\u00fablico.<\/p>\n\n\n\n<p><br>En su mensaje, la mandataria estatal reconoci\u00f3 el esfuerzo de los integrantes del sector, al se\u00f1alar que preservan la salud, priorizando el bienestar del pueblo, pese a enfrentar condiciones precarias de contrato, salariales y de prestaciones durante tantos a\u00f1os.<\/p>\n\n\n\n<p>Asegur\u00f3 que la administraci\u00f3n que encabeza privilegiar\u00e1 una pol\u00edtica social que valore profundamente el trabajo y el esfuerzo del personal de salud, para que puedan forjar un patrimonio que les permita sacar adelante a sus seres queridos.<\/p>\n\n\n\n<p>Cu\u00e9llar Cisneros enfatiz\u00f3 que<br>somos y seguiremos siendo un gobierno aliado de los trabajadores, reconocemos su relevancia e influencia en la transformaci\u00f3n social que vivimos, sin trastocar ning\u00fan derecho que por ley les corresponde y atendiendo las necesidades ignoradas por a\u00f1os<br>La titular del Ejecutivo recalc\u00f3 que, derivado del trabajo coordinado por el presidente de la Rep\u00fablica, Andr\u00e9s Manuel L\u00f3pez Obrador, a trav\u00e9s del Programa IMSS-Bienestar de Tlaxcala, se ha dotada de tres mil 841 nuevos aparatos m\u00e9dicos a los 10 hospitales de la entidad y 71 unidades de primer nivel.<\/p>\n\n\n\n<p>Este equipamiento incluye camas obst\u00e9tricas, electrocardiograma, estuche de diagn\u00f3stico y equipo de Rayos X, con una inversi\u00f3n de 172 millones de pesos, para reducir el rezago registrado en este rubro.<\/p>\n\n\n\n<p>A\u00f1adi\u00f3 que han avanzado en la capacitaci\u00f3n de personal de salud, mejora en la infraestructura hospitalaria y abasto de medicamentos, lo que representa un total de inversi\u00f3n federal de 418 millones de pesos, cifra que cit\u00f3 como hist\u00f3rica para la entidad.<\/p>\n\n\n\n<p>Cataratas, principal causante de ceguera; alta incidencia en adultos<br>En su oportunidad, el titular de la Sesa, Rigoberto Zamudio Meneses, destac\u00f3 que para garantizar la operatividad de la dependencia a su cargo es fundamental el recurso humano, y motiva el desarrollo de la instituci\u00f3n.<\/p>\n\n\n\n<p>Resalt\u00f3 que hay tres condiciones puntuales que procuran fortalecer en el sector m\u00e9dico que son: recurso humano, infraestructura y recursos materiales.<\/p>\n\n\n\n<p>El responsable del sector salud apunt\u00f3 que para generar grandes cambios en el sistema que atiende al estado, es necesario incrementar la productividad al poner en marcha diversas estrategias.<\/p>\n\n\n\n<p>Zamudio Meneses coment\u00f3 que ha sido un acierto apostar a la investigaci\u00f3n y la atenci\u00f3n especializada del complejo de salud, acciones que han colocado como un referente al estado de Tlaxcala, por su lealtad y seguridad para las familias, con la entrega de bases laborales.<\/p>\n\n\n\n<p>La Sesa asign\u00f3 57 nuevas plazas laborales a personal con m\u00e1s de nueve, 10, 11 y 12 a\u00f1os de experiencia. Entreg\u00f3 a 29 auxiliares de enfermer\u00eda, 22 m\u00e9dicos especialistas, tres m\u00e9dicos generales, una enfermera general, un t\u00e9cnico en radiolog\u00eda y un auxiliar de laboratorio.<\/p>\n","protected":false},"excerpt":{"rendered":"<p>\u201cHacer justicia a quienes hab\u00edan sido olvidados y favorecer el bienestar de todas las personas es la principal motivaci\u00f3n de nuestras acciones\u201d, asever\u00f3 la gobernadora Lorena Cu\u00e9llar Cisneros al asignar 57 bases laborales m\u00e9dicas. M\u00f3dulos M\u00e9dicos de Salud Integral, nuevo servicio m\u00e9dico para bur\u00f3cratasAnte miembros de la Secretar\u00eda de Salud (Sesa) enfatiz\u00f3 que la entrega [&hellip;]<\/p>\n","protected":false},"author":4,"featured_media":30731,"comment_status":"open","ping_status":"open","sticky":false,"template":"","format":"standard","meta":{"om_disable_all_campaigns":false,"_monsterinsights_skip_tracking":false,"_monsterinsights_sitenote_active":false,"_monsterinsights_sitenote_note":"","_monsterinsights_sitenote_category":0,"footnotes":""},"categories":[176],"tags":[223,210],"class_list":["post-30730","post","type-post","status-publish","format-standard","has-post-thumbnail","hentry","category-nacional","tag-puebla","tag-tlaxcala"],"amp_enabled":true,"_links":{"self":[{"href":"https:\/\/lahora.mx\/index.php\/wp-json\/wp\/v2\/posts\/30730","targetHints":{"allow":["GET"]}}],"collection":[{"href":"https:\/\/lahora.mx\/index.php\/wp-json\/wp\/v2\/posts"}],"about":[{"href":"https:\/\/lahora.mx\/index.php\/wp-json\/wp\/v2\/types\/post"}],"author":[{"embeddable":true,"href":"https:\/\/lahora.mx\/index.php\/wp-json\/wp\/v2\/users\/4"}],"replies":[{"embeddable":true,"href":"https:\/\/lahora.mx\/index.php\/wp-json\/wp\/v2\/comments?post=30730"}],"version-history":[{"count":1,"href":"https:\/\/lahora.mx\/index.php\/wp-json\/wp\/v2\/posts\/30730\/revisions"}],"predecessor-version":[{"id":30732,"href":"https:\/\/lahora.mx\/index.php\/wp-json\/wp\/v2\/posts\/30730\/revisions\/30732"}],"wp:featuredmedia":[{"embeddable":true,"href":"https:\/\/lahora.mx\/index.php\/wp-json\/wp\/v2\/media\/30731"}],"wp:attachment":[{"href":"https:\/\/lahora.mx\/index.php\/wp-json\/wp\/v2\/media?parent=30730"}],"wp:term":[{"taxonomy":"category","embeddable":true,"href":"https:\/\/lahora.mx\/index.php\/wp-json\/wp\/v2\/categories?post=30730"},{"taxonomy":"post_tag","embeddable":true,"href":"https:\/\/lahora.mx\/index.php\/wp-json\/wp\/v2\/tags?post=30730"}],"curies":[{"name":"wp","href":"https:\/\/api.w.org\/{rel}","templated":true}]}}