{"id":3065,"date":"2022-02-14T02:44:32","date_gmt":"2022-02-14T02:44:32","guid":{"rendered":"http:\/\/lahora.mx\/?p=3065"},"modified":"2022-02-14T02:44:33","modified_gmt":"2022-02-14T02:44:33","slug":"toman-protesta-15-ediles-auxiliares-de-puebla","status":"publish","type":"post","link":"https:\/\/lahora.mx\/index.php\/2022\/02\/14\/toman-protesta-15-ediles-auxiliares-de-puebla\/","title":{"rendered":"Toman protesta 15 ediles auxiliares de Puebla"},"content":{"rendered":"\n<p>A partir de este domingo 13 de febrero inici\u00f3 el periodo de gobierno 2022-2025 de 15 nuevos ediles auxiliares que estar\u00e1n en el cargo y deber\u00e1n trabajar de manera coordinada con el gobierno municipal de Puebla que encabeza Eduardo Rivera P\u00e9rez.<\/p>\n\n\n\n<p>Durante sesi\u00f3n de Cabildo a puerta cerrada, se tom\u00f3 protesta a los nuevos presidentes de 15 de las 17 juntas auxiliares.<br>En San Andr\u00e9s Azumiatla el presidente es Filem\u00f3n Escalona, en San Baltazar Campeche, Juan Manuel Col\u00edn Garc\u00eda, en Santa Mar\u00eda Xonacatepec H\u00e9ctor Coba Carvajal, en San Sebasti\u00e1n de Aparicio, Mois\u00e9s Cote Flores, en San Francisco Totimehuacan, Carlos Guerrero N\u00fa\u00f1ez.<br>En San Pedro Zacachimalpa, Juan Carlos Jim\u00e9nez Jim\u00e9nez, en San Jer\u00f3nimo Caleras, \u00c1ngel Soto Lim\u00f3n, en San Baltazar Tetela,Alejandro Maravilla Flores, Santo Tom\u00e1s Chautla, Hip\u00f3lito Guti\u00e9rrez Morales y en Ignacio Zaragoza, Jos\u00e9 \u00c1ngel Garc\u00eda Herrera.<br><\/p>\n\n\n\n<p>Adem\u00e1s en La Resurrecci\u00f3n el edil es Adolfo Reyes P\u00e9rez Torres y finalmente en La Libertad, el Tribunal Electoral del Estado orden\u00f3 no echar abajo los resultados, por lo que Juan Carlos Rodr\u00edguez Victoria es el presiente de esta demarcaci\u00f3n.<\/p>\n\n\n\n<p>Mientras tanto, a\u00fan falta dar a conocer los resultados de las votaciones de este domingo en San Miguel Canoa y San Pablo Xochimehuacan, en donde se realizan elecciones extraordinarias debido a que el pasado 23 hubo irregularidades en el proceso.<\/p>\n","protected":false},"excerpt":{"rendered":"<p>A partir de este domingo 13 de febrero inici\u00f3 el periodo de gobierno 2022-2025 de 15 nuevos ediles auxiliares que estar\u00e1n en el cargo y deber\u00e1n trabajar de manera coordinada con el gobierno municipal de Puebla que encabeza Eduardo Rivera P\u00e9rez. Durante sesi\u00f3n de Cabildo a puerta cerrada, se tom\u00f3 protesta a los nuevos presidentes [&hellip;]<\/p>\n","protected":false},"author":4,"featured_media":3066,"comment_status":"open","ping_status":"open","sticky":false,"template":"","format":"standard","meta":{"om_disable_all_campaigns":false,"_monsterinsights_skip_tracking":false,"_monsterinsights_sitenote_active":false,"_monsterinsights_sitenote_note":"","_monsterinsights_sitenote_category":0,"footnotes":""},"categories":[175],"tags":[],"class_list":["post-3065","post","type-post","status-publish","format-standard","has-post-thumbnail","hentry","category-local"],"amp_enabled":true,"_links":{"self":[{"href":"https:\/\/lahora.mx\/index.php\/wp-json\/wp\/v2\/posts\/3065","targetHints":{"allow":["GET"]}}],"collection":[{"href":"https:\/\/lahora.mx\/index.php\/wp-json\/wp\/v2\/posts"}],"about":[{"href":"https:\/\/lahora.mx\/index.php\/wp-json\/wp\/v2\/types\/post"}],"author":[{"embeddable":true,"href":"https:\/\/lahora.mx\/index.php\/wp-json\/wp\/v2\/users\/4"}],"replies":[{"embeddable":true,"href":"https:\/\/lahora.mx\/index.php\/wp-json\/wp\/v2\/comments?post=3065"}],"version-history":[{"count":1,"href":"https:\/\/lahora.mx\/index.php\/wp-json\/wp\/v2\/posts\/3065\/revisions"}],"predecessor-version":[{"id":3067,"href":"https:\/\/lahora.mx\/index.php\/wp-json\/wp\/v2\/posts\/3065\/revisions\/3067"}],"wp:featuredmedia":[{"embeddable":true,"href":"https:\/\/lahora.mx\/index.php\/wp-json\/wp\/v2\/media\/3066"}],"wp:attachment":[{"href":"https:\/\/lahora.mx\/index.php\/wp-json\/wp\/v2\/media?parent=3065"}],"wp:term":[{"taxonomy":"category","embeddable":true,"href":"https:\/\/lahora.mx\/index.php\/wp-json\/wp\/v2\/categories?post=3065"},{"taxonomy":"post_tag","embeddable":true,"href":"https:\/\/lahora.mx\/index.php\/wp-json\/wp\/v2\/tags?post=3065"}],"curies":[{"name":"wp","href":"https:\/\/api.w.org\/{rel}","templated":true}]}}