{"id":30604,"date":"2023-07-17T06:29:15","date_gmt":"2023-07-17T06:29:15","guid":{"rendered":"http:\/\/lahora.mx\/?p=30604"},"modified":"2023-07-31T06:34:42","modified_gmt":"2023-07-31T06:34:42","slug":"igualdad-de-oportunidades-bandera-que-enarbola-al-gobierno-estatal-sergio-salomon","status":"publish","type":"post","link":"https:\/\/lahora.mx\/index.php\/2023\/07\/17\/igualdad-de-oportunidades-bandera-que-enarbola-al-gobierno-estatal-sergio-salomon\/","title":{"rendered":"Igualdad de oportunidades, bandera que enarbola al gobierno estatal: Sergio Salom\u00f3n"},"content":{"rendered":"\n<p>Al encabezar la Primera Sesi\u00f3n Ordinaria 2023 de la Asamblea Plenaria del Comit\u00e9 de Planeaci\u00f3n para el Desarrollo del Estado de Puebla (COPLADEP), el titular del Ejecutivo, Sergio Salom\u00f3n destac\u00f3 que la igualdad de oportunidades es la bandera que enarbola su administraci\u00f3n para trabajar en favor de las y los poblanos.<\/p>\n\n\n\n<p>Ante los integrantes del gabinete estatal, el mandatario refiri\u00f3 que la seguridad, educaci\u00f3n, atracci\u00f3n de inversiones, desarrollo de plataformas, salud, turismo, campo y paz social, son prioridades para el gobierno de Puebla.<\/p>\n\n\n\n<p>\u201cEn la medida que logremos concatenar los esfuerzos en los 217 municipios con los sectores productivos, con organizaciones, universidades, tengo la certeza que pudi\u00e9ramos llegar mucho m\u00e1s lejos, pero necesitamos de la voluntad de todos y cada uno de nosotros de actuar en plena conciencia en donde haya distingos\u201d, dijo.<\/p>\n\n\n\n<p>Por \u00faltimo, Sergio Salom\u00f3n reiter\u00f3 el compromiso de su administraci\u00f3n de seguir generando las condiciones necesarias para que contin\u00fae el desarrollo puntual e integral en Puebla.<\/p>\n\n\n\n<p>En esta Asamblea Plenaria participaron el coordinador estatal del INEGI en Puebla, Mario Daniel Ignacio G\u00f3mez Sober\u00f3n; el presidente de la Junta de Gobierno y Coordinaci\u00f3n Pol\u00edtica del Congreso del Estado, Eduardo Castillo L\u00f3pez; la presidenta del Tribunal Superior de Justicia, la magistrada Margarita Gayosso Ponce; el fiscal General del Estado (FGE), Gilberto Higuera Bernal; as\u00ed como integrantes del sector privado y acad\u00e9mico.<\/p>\n","protected":false},"excerpt":{"rendered":"<p>Al encabezar la Primera Sesi\u00f3n Ordinaria 2023 de la Asamblea Plenaria del Comit\u00e9 de Planeaci\u00f3n para el Desarrollo del Estado de Puebla (COPLADEP), el titular del Ejecutivo, Sergio Salom\u00f3n destac\u00f3 que la igualdad de oportunidades es la bandera que enarbola su administraci\u00f3n para trabajar en favor de las y los poblanos. Ante los integrantes del [&hellip;]<\/p>\n","protected":false},"author":4,"featured_media":30605,"comment_status":"open","ping_status":"open","sticky":false,"template":"","format":"standard","meta":{"om_disable_all_campaigns":false,"_monsterinsights_skip_tracking":false,"_monsterinsights_sitenote_active":false,"_monsterinsights_sitenote_note":"","_monsterinsights_sitenote_category":0,"footnotes":""},"categories":[175],"tags":[239,223],"class_list":["post-30604","post","type-post","status-publish","format-standard","has-post-thumbnail","hentry","category-local","tag-gobierno","tag-puebla"],"amp_enabled":true,"_links":{"self":[{"href":"https:\/\/lahora.mx\/index.php\/wp-json\/wp\/v2\/posts\/30604","targetHints":{"allow":["GET"]}}],"collection":[{"href":"https:\/\/lahora.mx\/index.php\/wp-json\/wp\/v2\/posts"}],"about":[{"href":"https:\/\/lahora.mx\/index.php\/wp-json\/wp\/v2\/types\/post"}],"author":[{"embeddable":true,"href":"https:\/\/lahora.mx\/index.php\/wp-json\/wp\/v2\/users\/4"}],"replies":[{"embeddable":true,"href":"https:\/\/lahora.mx\/index.php\/wp-json\/wp\/v2\/comments?post=30604"}],"version-history":[{"count":1,"href":"https:\/\/lahora.mx\/index.php\/wp-json\/wp\/v2\/posts\/30604\/revisions"}],"predecessor-version":[{"id":30606,"href":"https:\/\/lahora.mx\/index.php\/wp-json\/wp\/v2\/posts\/30604\/revisions\/30606"}],"wp:featuredmedia":[{"embeddable":true,"href":"https:\/\/lahora.mx\/index.php\/wp-json\/wp\/v2\/media\/30605"}],"wp:attachment":[{"href":"https:\/\/lahora.mx\/index.php\/wp-json\/wp\/v2\/media?parent=30604"}],"wp:term":[{"taxonomy":"category","embeddable":true,"href":"https:\/\/lahora.mx\/index.php\/wp-json\/wp\/v2\/categories?post=30604"},{"taxonomy":"post_tag","embeddable":true,"href":"https:\/\/lahora.mx\/index.php\/wp-json\/wp\/v2\/tags?post=30604"}],"curies":[{"name":"wp","href":"https:\/\/api.w.org\/{rel}","templated":true}]}}