{"id":30549,"date":"2023-07-30T16:55:55","date_gmt":"2023-07-30T16:55:55","guid":{"rendered":"http:\/\/lahora.mx\/?p=30549"},"modified":"2023-07-30T16:55:56","modified_gmt":"2023-07-30T16:55:56","slug":"mas-de-100-heridos-y-decenas-de-muertos-tras-un-atentado-suicida-en-pakistan","status":"publish","type":"post","link":"https:\/\/lahora.mx\/index.php\/2023\/07\/30\/mas-de-100-heridos-y-decenas-de-muertos-tras-un-atentado-suicida-en-pakistan\/","title":{"rendered":"M\u00e1s de 100 heridos y decenas de muertos tras un atentado suicida en Pakist\u00e1n"},"content":{"rendered":"\n<p>Al menos 35 personas murieron y m\u00e1s de 200 resultaron heridas este domingo, tras un atentado suicida que tuvo lugar en una convenci\u00f3n de trabajadores en la ciudad pakistan\u00ed de Khar, situada en la provincia de Jaiber Pastunju\u00e1, informa Geo News.<\/p>\n\n\n\n<p>El incidente se produjo en la reuni\u00f3n del partido pol\u00edtico isl\u00e1mico Jamiat Ulema Islam-Fazl (JUI-F), a la que asistieron m\u00e1s de 400 personas. Entre las v\u00edctimas mortales tambi\u00e9n se encuentra Maulana Ziaullah Jan, emir del JUI-F en Khar.<\/p>\n\n\n\n<p>Al mismo tiempo, Riaz Anwar, ministro de Sanidad de la provincia, dijo a AFP que como resultado del atentado 39 personas fallecieron y 123 resultaron heridas, 17 de las cuales se encuentran en estado grave.<\/p>\n\n\n\n<p>La Polic\u00eda local tambi\u00e9n confirm\u00f3, seg\u00fan la investigaci\u00f3n inicial, que la explosi\u00f3n fue resultado de un atentado suicida, a\u00f1adiendo que los investigadores est\u00e1n recogiendo pruebas en el lugar de los hechos. Por el momento nadie ha reivindicado el ataque.<\/p>\n\n\n\n<p>El primer ministro pakistan\u00ed, Shehbaz Sharif, ha condenado el ataque, afirmando que los terroristas atentaron contra quienes defend\u00edan la causa del islam y Pakist\u00e1n. \u00abLos terroristas son enemigos de Pakist\u00e1n y ser\u00e1n eliminados\u00bb, dijo, a\u00f1adiendo que los implicados en el incidente ser\u00edan castigados con todo el peso de la ley.<\/p>\n","protected":false},"excerpt":{"rendered":"<p>Al menos 35 personas murieron y m\u00e1s de 200 resultaron heridas este domingo, tras un atentado suicida que tuvo lugar en una convenci\u00f3n de trabajadores en la ciudad pakistan\u00ed de Khar, situada en la provincia de Jaiber Pastunju\u00e1, informa Geo News. El incidente se produjo en la reuni\u00f3n del partido pol\u00edtico isl\u00e1mico Jamiat Ulema Islam-Fazl [&hellip;]<\/p>\n","protected":false},"author":4,"featured_media":30550,"comment_status":"open","ping_status":"open","sticky":false,"template":"","format":"standard","meta":{"om_disable_all_campaigns":false,"_monsterinsights_skip_tracking":false,"_monsterinsights_sitenote_active":false,"_monsterinsights_sitenote_note":"","_monsterinsights_sitenote_category":0,"footnotes":""},"categories":[183],"tags":[],"class_list":["post-30549","post","type-post","status-publish","format-standard","has-post-thumbnail","hentry","category-internacional"],"amp_enabled":true,"_links":{"self":[{"href":"https:\/\/lahora.mx\/index.php\/wp-json\/wp\/v2\/posts\/30549","targetHints":{"allow":["GET"]}}],"collection":[{"href":"https:\/\/lahora.mx\/index.php\/wp-json\/wp\/v2\/posts"}],"about":[{"href":"https:\/\/lahora.mx\/index.php\/wp-json\/wp\/v2\/types\/post"}],"author":[{"embeddable":true,"href":"https:\/\/lahora.mx\/index.php\/wp-json\/wp\/v2\/users\/4"}],"replies":[{"embeddable":true,"href":"https:\/\/lahora.mx\/index.php\/wp-json\/wp\/v2\/comments?post=30549"}],"version-history":[{"count":1,"href":"https:\/\/lahora.mx\/index.php\/wp-json\/wp\/v2\/posts\/30549\/revisions"}],"predecessor-version":[{"id":30551,"href":"https:\/\/lahora.mx\/index.php\/wp-json\/wp\/v2\/posts\/30549\/revisions\/30551"}],"wp:featuredmedia":[{"embeddable":true,"href":"https:\/\/lahora.mx\/index.php\/wp-json\/wp\/v2\/media\/30550"}],"wp:attachment":[{"href":"https:\/\/lahora.mx\/index.php\/wp-json\/wp\/v2\/media?parent=30549"}],"wp:term":[{"taxonomy":"category","embeddable":true,"href":"https:\/\/lahora.mx\/index.php\/wp-json\/wp\/v2\/categories?post=30549"},{"taxonomy":"post_tag","embeddable":true,"href":"https:\/\/lahora.mx\/index.php\/wp-json\/wp\/v2\/tags?post=30549"}],"curies":[{"name":"wp","href":"https:\/\/api.w.org\/{rel}","templated":true}]}}