{"id":30530,"date":"2023-07-25T01:37:07","date_gmt":"2023-07-25T01:37:07","guid":{"rendered":"http:\/\/lahora.mx\/?p=30530"},"modified":"2023-07-29T01:38:13","modified_gmt":"2023-07-29T01:38:13","slug":"impulsa-gobierno-de-sergio-salomon-desarrollo-profesional-de-jovenes-universitarios","status":"publish","type":"post","link":"https:\/\/lahora.mx\/index.php\/2023\/07\/25\/impulsa-gobierno-de-sergio-salomon-desarrollo-profesional-de-jovenes-universitarios\/","title":{"rendered":"Impulsa gobierno de Sergio Salom\u00f3n desarrollo profesional de j\u00f3venes universitarios"},"content":{"rendered":"\n<p>Como parte de las acciones para promover e impulsar el desarrollo de las juventudes poblanas en materia de educaci\u00f3n superior, el gobierno presente de Sergio Salom\u00f3n firm\u00f3 un convenio con la Universidad de Oriente, a fin de que sus estudiantes cuenten con la vinculaci\u00f3n institucional para realizar sus pr\u00e1cticas profesionales y servicio social en el Instituto Poblano de la Juventud (IPJ).<\/p>\n\n\n\n<p>En representaci\u00f3n del titular del Ejecutivo, el director general del IPJ, Alfredo Parada Salmor\u00e1n coment\u00f3 que el convenio sirve de motor para motivar el egreso e incrementar la eficiencia terminal de los estudiantes de licenciatura en el estado, con la finalidad de que tengan mayores oportunidades de integrarse al mundo laboral con \u00e9xito.<\/p>\n\n\n\n<p>Esta firma de convenio corrobora la colaboraci\u00f3n entre instancias como punto de apoyo para que los estudiantes de nivel licenciatura cuenten con un espacio de desarrollo y adquisici\u00f3n de conocimientos, para su futuro.<\/p>\n\n\n\n<p>En el acto estuvo presente el rector de la Universidad de Oriente, Fernando L\u00f3pez Olea y el coordinador Acad\u00e9mico de Humanidades, Luis Felipe P\u00e9rez Barroso.<\/p>\n","protected":false},"excerpt":{"rendered":"<p>Como parte de las acciones para promover e impulsar el desarrollo de las juventudes poblanas en materia de educaci\u00f3n superior, el gobierno presente de Sergio Salom\u00f3n firm\u00f3 un convenio con la Universidad de Oriente, a fin de que sus estudiantes cuenten con la vinculaci\u00f3n institucional para realizar sus pr\u00e1cticas profesionales y servicio social en el [&hellip;]<\/p>\n","protected":false},"author":4,"featured_media":30531,"comment_status":"open","ping_status":"open","sticky":false,"template":"","format":"standard","meta":{"om_disable_all_campaigns":false,"_monsterinsights_skip_tracking":false,"_monsterinsights_sitenote_active":false,"_monsterinsights_sitenote_note":"","_monsterinsights_sitenote_category":0,"footnotes":""},"categories":[175],"tags":[239,223],"class_list":["post-30530","post","type-post","status-publish","format-standard","has-post-thumbnail","hentry","category-local","tag-gobierno","tag-puebla"],"amp_enabled":true,"_links":{"self":[{"href":"https:\/\/lahora.mx\/index.php\/wp-json\/wp\/v2\/posts\/30530","targetHints":{"allow":["GET"]}}],"collection":[{"href":"https:\/\/lahora.mx\/index.php\/wp-json\/wp\/v2\/posts"}],"about":[{"href":"https:\/\/lahora.mx\/index.php\/wp-json\/wp\/v2\/types\/post"}],"author":[{"embeddable":true,"href":"https:\/\/lahora.mx\/index.php\/wp-json\/wp\/v2\/users\/4"}],"replies":[{"embeddable":true,"href":"https:\/\/lahora.mx\/index.php\/wp-json\/wp\/v2\/comments?post=30530"}],"version-history":[{"count":1,"href":"https:\/\/lahora.mx\/index.php\/wp-json\/wp\/v2\/posts\/30530\/revisions"}],"predecessor-version":[{"id":30532,"href":"https:\/\/lahora.mx\/index.php\/wp-json\/wp\/v2\/posts\/30530\/revisions\/30532"}],"wp:featuredmedia":[{"embeddable":true,"href":"https:\/\/lahora.mx\/index.php\/wp-json\/wp\/v2\/media\/30531"}],"wp:attachment":[{"href":"https:\/\/lahora.mx\/index.php\/wp-json\/wp\/v2\/media?parent=30530"}],"wp:term":[{"taxonomy":"category","embeddable":true,"href":"https:\/\/lahora.mx\/index.php\/wp-json\/wp\/v2\/categories?post=30530"},{"taxonomy":"post_tag","embeddable":true,"href":"https:\/\/lahora.mx\/index.php\/wp-json\/wp\/v2\/tags?post=30530"}],"curies":[{"name":"wp","href":"https:\/\/api.w.org\/{rel}","templated":true}]}}