{"id":30492,"date":"2023-07-13T23:05:46","date_gmt":"2023-07-13T23:05:46","guid":{"rendered":"http:\/\/lahora.mx\/?p=30492"},"modified":"2023-07-28T23:13:22","modified_gmt":"2023-07-28T23:13:22","slug":"invita-cultura-a-grupos-dancisticos-a-participar-en-el-huey-atlixcayotl-2023","status":"publish","type":"post","link":"https:\/\/lahora.mx\/index.php\/2023\/07\/13\/invita-cultura-a-grupos-dancisticos-a-participar-en-el-huey-atlixcayotl-2023\/","title":{"rendered":"Invita Cultura a grupos danc\u00edsticos a participar en el Huey Atlixc\u00e1yotl 2023"},"content":{"rendered":"\n<p>El gobierno presente de Sergio Salom\u00f3n, a trav\u00e9s de la Secretar\u00eda de Cultura y en conjunto con el Ayuntamiento de Atlixco y el Patronato del Festival \u201cHuey Atlixc\u00e1yotl\u201d, invita a grupos de danza y baile \u00e9tnico de las regiones de la entidad a participar en la 58 edici\u00f3n de dicha festividad, que ser\u00e1 realizada los d\u00edas 21, 22, 23 y 24 de septiembre del presente a\u00f1o.<\/p>\n\n\n\n<p>Las agrupaciones interesadas deber\u00e1n llenar el registro de inscripci\u00f3n (disponible en el sitio web https:\/\/bit.ly\/hueyatlixcayotl) hasta las 12:00 horas del jueves 20 de julio; o bien, acudir a las oficinas de la Direcci\u00f3n de Artes Pl\u00e1sticas y Esc\u00e9nicas de la dependencia (7 Oriente 15, Centro Hist\u00f3rico) a m\u00e1s tardar el mi\u00e9rcoles 19 del mismo mes, de 10:00 a 15:00 horas.<\/p>\n\n\n\n<p>Algunos de los requisitos para postularse son: solicitud de participaci\u00f3n firmada por el presidente municipal de su demarcaci\u00f3n; carta que designe al representante del grupo y nombre completo del mismo; y resumen, n\u00famero de participantes, lugar de origen, videos y fotograf\u00edas de la danza o baile a presentar.<\/p>\n\n\n\n<p>Un comit\u00e9 especializado tomar\u00e1 en cuenta la investigaci\u00f3n etnol\u00f3gica y etnogeogr\u00e1fica, regi\u00f3n, vestuario, coreograf\u00eda y originalidad de los grupos para seleccionar a los participantes. Dichos resultados ser\u00e1n dados a conocer el 24 de julio a trav\u00e9s de la p\u00e1gina oficial (sc.puebla.gob.mx\/) y redes sociales de la Secretar\u00eda de Cultura.<\/p>\n\n\n\n<p>Para m\u00e1s informaci\u00f3n, dudas o aclaraciones, las y los interesados pueden comunicarse al correo danza.cultura@puebla.gob.mx o al tel\u00e9fono 22 26 88 48 21, as\u00ed como a las redes sociales de la dependencia: Secretar\u00eda de Cultura Puebla (Facebook) y @CulturaGobPue (Twitter).<\/p>\n","protected":false},"excerpt":{"rendered":"<p>El gobierno presente de Sergio Salom\u00f3n, a trav\u00e9s de la Secretar\u00eda de Cultura y en conjunto con el Ayuntamiento de Atlixco y el Patronato del Festival \u201cHuey Atlixc\u00e1yotl\u201d, invita a grupos de danza y baile \u00e9tnico de las regiones de la entidad a participar en la 58 edici\u00f3n de dicha festividad, que ser\u00e1 realizada los [&hellip;]<\/p>\n","protected":false},"author":4,"featured_media":30498,"comment_status":"open","ping_status":"open","sticky":false,"template":"","format":"standard","meta":{"om_disable_all_campaigns":false,"_monsterinsights_skip_tracking":false,"_monsterinsights_sitenote_active":false,"_monsterinsights_sitenote_note":"","_monsterinsights_sitenote_category":0,"footnotes":""},"categories":[175],"tags":[239,223],"class_list":["post-30492","post","type-post","status-publish","format-standard","has-post-thumbnail","hentry","category-local","tag-gobierno","tag-puebla"],"amp_enabled":true,"_links":{"self":[{"href":"https:\/\/lahora.mx\/index.php\/wp-json\/wp\/v2\/posts\/30492","targetHints":{"allow":["GET"]}}],"collection":[{"href":"https:\/\/lahora.mx\/index.php\/wp-json\/wp\/v2\/posts"}],"about":[{"href":"https:\/\/lahora.mx\/index.php\/wp-json\/wp\/v2\/types\/post"}],"author":[{"embeddable":true,"href":"https:\/\/lahora.mx\/index.php\/wp-json\/wp\/v2\/users\/4"}],"replies":[{"embeddable":true,"href":"https:\/\/lahora.mx\/index.php\/wp-json\/wp\/v2\/comments?post=30492"}],"version-history":[{"count":1,"href":"https:\/\/lahora.mx\/index.php\/wp-json\/wp\/v2\/posts\/30492\/revisions"}],"predecessor-version":[{"id":30493,"href":"https:\/\/lahora.mx\/index.php\/wp-json\/wp\/v2\/posts\/30492\/revisions\/30493"}],"wp:featuredmedia":[{"embeddable":true,"href":"https:\/\/lahora.mx\/index.php\/wp-json\/wp\/v2\/media\/30498"}],"wp:attachment":[{"href":"https:\/\/lahora.mx\/index.php\/wp-json\/wp\/v2\/media?parent=30492"}],"wp:term":[{"taxonomy":"category","embeddable":true,"href":"https:\/\/lahora.mx\/index.php\/wp-json\/wp\/v2\/categories?post=30492"},{"taxonomy":"post_tag","embeddable":true,"href":"https:\/\/lahora.mx\/index.php\/wp-json\/wp\/v2\/tags?post=30492"}],"curies":[{"name":"wp","href":"https:\/\/api.w.org\/{rel}","templated":true}]}}