{"id":3047,"date":"2022-02-14T00:53:51","date_gmt":"2022-02-14T00:53:51","guid":{"rendered":"http:\/\/lahora.mx\/?p=3047"},"modified":"2022-02-14T00:53:52","modified_gmt":"2022-02-14T00:53:52","slug":"nodal-y-belinda-se-separan-ya-no-hay-boda","status":"publish","type":"post","link":"https:\/\/lahora.mx\/index.php\/2022\/02\/14\/nodal-y-belinda-se-separan-ya-no-hay-boda\/","title":{"rendered":"Nodal y Belinda se separan  ya no hay boda"},"content":{"rendered":"\n<p>Tras varios d\u00edas\u00a0<strong>de especulaci\u00f3n sobre la supuesta ruptura entre Christian Nodal y Belinda<\/strong>, el cantante de regional mexicano\u00a0<strong>confirm\u00f3 a trav\u00e9s de una historia de Instagram que su relaci\u00f3n ha terminado.<\/strong><br><strong>Nodal public\u00f3 un mensaje en el que se lee que desea lo mejor para Belinda<\/strong>, pidiendo al mismo tiempo que\u00a0<strong>la prensa respete su proceso de duelo\u00a0<\/strong>ante esta separaci\u00f3n.<\/p>\n","protected":false},"excerpt":{"rendered":"<p>Tras varios d\u00edas\u00a0de especulaci\u00f3n sobre la supuesta ruptura entre Christian Nodal y Belinda, el cantante de regional mexicano\u00a0confirm\u00f3 a trav\u00e9s de una historia de Instagram que su relaci\u00f3n ha terminado.Nodal public\u00f3 un mensaje en el que se lee que desea lo mejor para Belinda, pidiendo al mismo tiempo que\u00a0la prensa respete su proceso de duelo\u00a0ante [&hellip;]<\/p>\n","protected":false},"author":4,"featured_media":3048,"comment_status":"open","ping_status":"open","sticky":false,"template":"","format":"standard","meta":{"om_disable_all_campaigns":false,"_monsterinsights_skip_tracking":false,"_monsterinsights_sitenote_active":false,"_monsterinsights_sitenote_note":"","_monsterinsights_sitenote_category":0,"footnotes":""},"categories":[175],"tags":[195],"class_list":["post-3047","post","type-post","status-publish","format-standard","has-post-thumbnail","hentry","category-local","tag-principal"],"amp_enabled":true,"_links":{"self":[{"href":"https:\/\/lahora.mx\/index.php\/wp-json\/wp\/v2\/posts\/3047","targetHints":{"allow":["GET"]}}],"collection":[{"href":"https:\/\/lahora.mx\/index.php\/wp-json\/wp\/v2\/posts"}],"about":[{"href":"https:\/\/lahora.mx\/index.php\/wp-json\/wp\/v2\/types\/post"}],"author":[{"embeddable":true,"href":"https:\/\/lahora.mx\/index.php\/wp-json\/wp\/v2\/users\/4"}],"replies":[{"embeddable":true,"href":"https:\/\/lahora.mx\/index.php\/wp-json\/wp\/v2\/comments?post=3047"}],"version-history":[{"count":1,"href":"https:\/\/lahora.mx\/index.php\/wp-json\/wp\/v2\/posts\/3047\/revisions"}],"predecessor-version":[{"id":3049,"href":"https:\/\/lahora.mx\/index.php\/wp-json\/wp\/v2\/posts\/3047\/revisions\/3049"}],"wp:featuredmedia":[{"embeddable":true,"href":"https:\/\/lahora.mx\/index.php\/wp-json\/wp\/v2\/media\/3048"}],"wp:attachment":[{"href":"https:\/\/lahora.mx\/index.php\/wp-json\/wp\/v2\/media?parent=3047"}],"wp:term":[{"taxonomy":"category","embeddable":true,"href":"https:\/\/lahora.mx\/index.php\/wp-json\/wp\/v2\/categories?post=3047"},{"taxonomy":"post_tag","embeddable":true,"href":"https:\/\/lahora.mx\/index.php\/wp-json\/wp\/v2\/tags?post=3047"}],"curies":[{"name":"wp","href":"https:\/\/api.w.org\/{rel}","templated":true}]}}