{"id":30409,"date":"2023-07-28T00:28:06","date_gmt":"2023-07-28T00:28:06","guid":{"rendered":"http:\/\/lahora.mx\/?p=30409"},"modified":"2023-07-28T00:28:06","modified_gmt":"2023-07-28T00:28:06","slug":"san-juan-ixtenco-el-nuevo-pueblo-magico","status":"publish","type":"post","link":"https:\/\/lahora.mx\/index.php\/2023\/07\/28\/san-juan-ixtenco-el-nuevo-pueblo-magico\/","title":{"rendered":"San Juan Ixtenco el nuevo Pueblo M\u00e1gico"},"content":{"rendered":"\n<p>Se llev\u00f3 a cabo la presentaci\u00f3n del municipio de San Juan Ixtenco como nuevo Pueblo M\u00e1gico de la Rep\u00fablica, por ser el \u201c\u00faltimo basti\u00f3n otom\u00ed y guardianes del ma\u00edz\u201d.<\/p>\n\n\n\n<p>En un ambiente de alegr\u00eda y colorido cientos de habitantes recibieron a la gobernadora, Lorena Cu\u00e9llar Cisneros, as\u00ed como a servidores p\u00fablicos de los sectores Turismo y Cultura, junto con legisladores locales y federales, para celebrar el que Ixtenco haya obtenido el nombramiento y ser el tercer en el Estado, luego de Huamantla y Tlaxco.<\/p>\n\n\n\n<p>En el uso de la palabra la secretaria de Turismo de Tlaxcala, Josefina Rodr\u00edguez Zamora, inform\u00f3 que, para dar a conocer a Ixtenco a nivel nacional e internacional de manera inmediata, se podr\u00e1 en marcha \u201cLa Ruta el Esp\u00edritu del Ma\u00edz\u201d, que consiste en disfrutar y conocer las 16 variedades del ma\u00edz que se cosechan en su campo y su cosmovisi\u00f3n otom\u00ed.<\/p>\n\n\n\n<p>Asimismo, vivencias en los talleres de semillas y pepenados, su parroquia y museo, sus cocinas de humo y el contacto con La Malinche; adem\u00e1s, ya se puso en marcha la ruta ADO M\u00e9xico \u2013 Huamantla que tiene paso directo por el nuevo pueblo m\u00e1gico para que los turistas comiencen a conocer su belleza.<\/p>\n\n\n\n<p>\u201cDespu\u00e9s de ocho a\u00f1os se ha logrado tener la denominaci\u00f3n del tercer pueblo m\u00e1gico, un gran logro para Tlaxcala pues al ser el m\u00e1s peque\u00f1o de la Rep\u00fablica, demuestra por qu\u00e9 es la cuna de la naci\u00f3n\u201d, expres\u00f3.<\/p>\n\n\n\n<p>Por su parte, Lorena Cu\u00e9llar hizo la entrega del nombramiento como Pueblo M\u00e1gico a las autoridades municipales para los efectos correspondientes, firmado por el secretario de Turismo Federal, Miguel Torruco.<\/p>\n","protected":false},"excerpt":{"rendered":"<p>Se llev\u00f3 a cabo la presentaci\u00f3n del municipio de San Juan Ixtenco como nuevo Pueblo M\u00e1gico de la Rep\u00fablica, por ser el \u201c\u00faltimo basti\u00f3n otom\u00ed y guardianes del ma\u00edz\u201d. En un ambiente de alegr\u00eda y colorido cientos de habitantes recibieron a la gobernadora, Lorena Cu\u00e9llar Cisneros, as\u00ed como a servidores p\u00fablicos de los sectores Turismo [&hellip;]<\/p>\n","protected":false},"author":4,"featured_media":30410,"comment_status":"open","ping_status":"open","sticky":false,"template":"","format":"standard","meta":{"om_disable_all_campaigns":false,"_monsterinsights_skip_tracking":false,"_monsterinsights_sitenote_active":false,"_monsterinsights_sitenote_note":"","_monsterinsights_sitenote_category":0,"footnotes":""},"categories":[175],"tags":[223,210],"class_list":["post-30409","post","type-post","status-publish","format-standard","has-post-thumbnail","hentry","category-local","tag-puebla","tag-tlaxcala"],"amp_enabled":true,"_links":{"self":[{"href":"https:\/\/lahora.mx\/index.php\/wp-json\/wp\/v2\/posts\/30409","targetHints":{"allow":["GET"]}}],"collection":[{"href":"https:\/\/lahora.mx\/index.php\/wp-json\/wp\/v2\/posts"}],"about":[{"href":"https:\/\/lahora.mx\/index.php\/wp-json\/wp\/v2\/types\/post"}],"author":[{"embeddable":true,"href":"https:\/\/lahora.mx\/index.php\/wp-json\/wp\/v2\/users\/4"}],"replies":[{"embeddable":true,"href":"https:\/\/lahora.mx\/index.php\/wp-json\/wp\/v2\/comments?post=30409"}],"version-history":[{"count":1,"href":"https:\/\/lahora.mx\/index.php\/wp-json\/wp\/v2\/posts\/30409\/revisions"}],"predecessor-version":[{"id":30411,"href":"https:\/\/lahora.mx\/index.php\/wp-json\/wp\/v2\/posts\/30409\/revisions\/30411"}],"wp:featuredmedia":[{"embeddable":true,"href":"https:\/\/lahora.mx\/index.php\/wp-json\/wp\/v2\/media\/30410"}],"wp:attachment":[{"href":"https:\/\/lahora.mx\/index.php\/wp-json\/wp\/v2\/media?parent=30409"}],"wp:term":[{"taxonomy":"category","embeddable":true,"href":"https:\/\/lahora.mx\/index.php\/wp-json\/wp\/v2\/categories?post=30409"},{"taxonomy":"post_tag","embeddable":true,"href":"https:\/\/lahora.mx\/index.php\/wp-json\/wp\/v2\/tags?post=30409"}],"curies":[{"name":"wp","href":"https:\/\/api.w.org\/{rel}","templated":true}]}}