{"id":30406,"date":"2023-07-28T00:09:58","date_gmt":"2023-07-28T00:09:58","guid":{"rendered":"http:\/\/lahora.mx\/?p=30406"},"modified":"2023-07-28T00:09:59","modified_gmt":"2023-07-28T00:09:59","slug":"renuncia-jose-antonio-martinez-a-la-secretaria-de-salud-de-puebla","status":"publish","type":"post","link":"https:\/\/lahora.mx\/index.php\/2023\/07\/28\/renuncia-jose-antonio-martinez-a-la-secretaria-de-salud-de-puebla\/","title":{"rendered":"Renuncia Jos\u00e9 Antonio Mart\u00ednez a la Secretar\u00eda de Salud de Puebla"},"content":{"rendered":"\n<p>El doctor Jos\u00e9 Antonio Mart\u00ednez Garc\u00eda present\u00f3 ya su renuncia a la Secretar\u00eda de Salud de Puebla; hasta el momento se desconocen los motivos y ninguna autoridad se ha pronunciado al respecto.<\/p>\n\n\n\n<p>De acuerdo con los primeros detalles, tras la renuncia de Jos\u00e9 Antonio Mart\u00ednez los empleados de la dependencia ya preparan la entrega de la Secretar\u00eda.<br>Fue en junio de 2020, al inicio de la pandemia por Covid-19 cuando el doctor Jos\u00e9 Antonio Mart\u00ednez Garc\u00eda asumi\u00f3 el cargo como titular de la Secretar\u00eda de Salud.<\/p>\n\n\n\n<p>Se hab\u00eda destapado como \u2018corcholata\u2019 para la gubernatura<br>A finales del a\u00f1o pasado Jos\u00e9 Antonio Mart\u00ednez confirm\u00f3 su inter\u00e9s en participar como posible candidato a la gubernatura de Puebla por Morena.<\/p>\n\n\n\n<p>Esto, en un evento de la entonces jefa de gobierno de la CDMX Claudia Sheinbaum; al preguntarle si podr\u00eda ser uno de los candidatos el titular de la Secretar\u00eda de Salud afirm\u00f3: \u201cSi la gente nos dice\u2026 s\u00ed, es un s\u00ed\u201d.<\/p>\n\n\n\n<p>Tiempo despu\u00e9s, en varios eventos m\u00e1s se vio a gente con pancartas con su nombre coreando \u2018gobernador\u2019.<\/p>\n\n\n\n<p>\u00bfQui\u00e9n es Jos\u00e9 Antonio Mart\u00ednez?<br>Mart\u00ednez Garc\u00eda cuenta con tres especialidades de Cirug\u00eda y tiene experiencia como jefe de \u00e1rea en el ISSSTEP y el IMSS, as\u00ed como en el Hospital General Eduardo V\u00e1zquez Navarro.<\/p>\n\n\n\n<p>Antes de convertirse en el titular de la Secretar\u00eda de Salud se desempe\u00f1aba como subsecretario de Servicios de Salud de la Secretar\u00eda de Salud y Coordinador de Servicios de Salud del estado de Puebla.<\/p>\n","protected":false},"excerpt":{"rendered":"<p>El doctor Jos\u00e9 Antonio Mart\u00ednez Garc\u00eda present\u00f3 ya su renuncia a la Secretar\u00eda de Salud de Puebla; hasta el momento se desconocen los motivos y ninguna autoridad se ha pronunciado al respecto. De acuerdo con los primeros detalles, tras la renuncia de Jos\u00e9 Antonio Mart\u00ednez los empleados de la dependencia ya preparan la entrega de [&hellip;]<\/p>\n","protected":false},"author":4,"featured_media":30407,"comment_status":"open","ping_status":"open","sticky":false,"template":"","format":"standard","meta":{"om_disable_all_campaigns":false,"_monsterinsights_skip_tracking":false,"_monsterinsights_sitenote_active":false,"_monsterinsights_sitenote_note":"","_monsterinsights_sitenote_category":0,"footnotes":""},"categories":[175],"tags":[195,223],"class_list":["post-30406","post","type-post","status-publish","format-standard","has-post-thumbnail","hentry","category-local","tag-principal","tag-puebla"],"amp_enabled":true,"_links":{"self":[{"href":"https:\/\/lahora.mx\/index.php\/wp-json\/wp\/v2\/posts\/30406","targetHints":{"allow":["GET"]}}],"collection":[{"href":"https:\/\/lahora.mx\/index.php\/wp-json\/wp\/v2\/posts"}],"about":[{"href":"https:\/\/lahora.mx\/index.php\/wp-json\/wp\/v2\/types\/post"}],"author":[{"embeddable":true,"href":"https:\/\/lahora.mx\/index.php\/wp-json\/wp\/v2\/users\/4"}],"replies":[{"embeddable":true,"href":"https:\/\/lahora.mx\/index.php\/wp-json\/wp\/v2\/comments?post=30406"}],"version-history":[{"count":1,"href":"https:\/\/lahora.mx\/index.php\/wp-json\/wp\/v2\/posts\/30406\/revisions"}],"predecessor-version":[{"id":30408,"href":"https:\/\/lahora.mx\/index.php\/wp-json\/wp\/v2\/posts\/30406\/revisions\/30408"}],"wp:featuredmedia":[{"embeddable":true,"href":"https:\/\/lahora.mx\/index.php\/wp-json\/wp\/v2\/media\/30407"}],"wp:attachment":[{"href":"https:\/\/lahora.mx\/index.php\/wp-json\/wp\/v2\/media?parent=30406"}],"wp:term":[{"taxonomy":"category","embeddable":true,"href":"https:\/\/lahora.mx\/index.php\/wp-json\/wp\/v2\/categories?post=30406"},{"taxonomy":"post_tag","embeddable":true,"href":"https:\/\/lahora.mx\/index.php\/wp-json\/wp\/v2\/tags?post=30406"}],"curies":[{"name":"wp","href":"https:\/\/api.w.org\/{rel}","templated":true}]}}