{"id":30400,"date":"2023-07-27T22:21:34","date_gmt":"2023-07-27T22:21:34","guid":{"rendered":"http:\/\/lahora.mx\/?p=30400"},"modified":"2023-07-27T22:21:34","modified_gmt":"2023-07-27T22:21:34","slug":"anuncia-gobierno-de-sergio-salomon-valoracion-del-tren-turistico","status":"publish","type":"post","link":"https:\/\/lahora.mx\/index.php\/2023\/07\/27\/anuncia-gobierno-de-sergio-salomon-valoracion-del-tren-turistico\/","title":{"rendered":"Anuncia gobierno de Sergio Salom\u00f3n valoraci\u00f3n del tren tur\u00edstico"},"content":{"rendered":"\n<p>Con la finalidad de integrar una oferta y de esta forma evitar un da\u00f1o al erario p\u00fablico, el gobierno estatal recurrir\u00e1 al Instituto de Administraci\u00f3n y Aval\u00faos de Bienes Nacionales para evaluar el Tren Tur\u00edstico de Puebla y, as\u00ed, tomar una determinaci\u00f3n al respecto, inform\u00f3 el titular del Ejecutivo, Sergio Salom\u00f3n.<\/p>\n\n\n\n<p>En conferencia de prensa, el mandatario estatal puntualiz\u00f3 que, del 2016 al 2021, sus costos de operaci\u00f3n y mantenimiento ascendieron a 344 millones de pesos, el n\u00famero de usuarios fue de 533 mil 257, mientras que los ingresos en el mismo periodo fueron de 4.9 millones de pesos, lo que representa una diferencia en n\u00fameros negativos de 339 millones de pesos.<\/p>\n\n\n\n<p>En ese sentido, refiri\u00f3 que reactivar el Tren Tur\u00edstico requerir\u00eda una inversi\u00f3n anual de 36 millones de pesos y dejarlo sin funcionamiento representar\u00eda un da\u00f1o patrimonial por su posible descompostura.<\/p>\n\n\n\n<p>Por lo anterior, refiri\u00f3 que el gobierno estatal iniciar\u00e1 las tareas de evaluaci\u00f3n el pr\u00f3ximo lunes 31 de julio ante el Instituto de Administraci\u00f3n y Aval\u00faos de Bienes Nacionales.<\/p>\n\n\n\n<p>Por \u00faltimo, el gobernador Sergio Salom\u00f3n dio a conocer que presentar\u00e1 un informe detallado del Tren Tur\u00edstico al Congreso del Estado, como recientemente lo hizo el organismo Carreteras de Cuota.<\/p>\n","protected":false},"excerpt":{"rendered":"<p>Con la finalidad de integrar una oferta y de esta forma evitar un da\u00f1o al erario p\u00fablico, el gobierno estatal recurrir\u00e1 al Instituto de Administraci\u00f3n y Aval\u00faos de Bienes Nacionales para evaluar el Tren Tur\u00edstico de Puebla y, as\u00ed, tomar una determinaci\u00f3n al respecto, inform\u00f3 el titular del Ejecutivo, Sergio Salom\u00f3n. En conferencia de prensa, [&hellip;]<\/p>\n","protected":false},"author":4,"featured_media":30401,"comment_status":"open","ping_status":"open","sticky":false,"template":"","format":"standard","meta":{"om_disable_all_campaigns":false,"_monsterinsights_skip_tracking":false,"_monsterinsights_sitenote_active":false,"_monsterinsights_sitenote_note":"","_monsterinsights_sitenote_category":0,"footnotes":""},"categories":[175],"tags":[223],"class_list":["post-30400","post","type-post","status-publish","format-standard","has-post-thumbnail","hentry","category-local","tag-puebla"],"amp_enabled":true,"_links":{"self":[{"href":"https:\/\/lahora.mx\/index.php\/wp-json\/wp\/v2\/posts\/30400","targetHints":{"allow":["GET"]}}],"collection":[{"href":"https:\/\/lahora.mx\/index.php\/wp-json\/wp\/v2\/posts"}],"about":[{"href":"https:\/\/lahora.mx\/index.php\/wp-json\/wp\/v2\/types\/post"}],"author":[{"embeddable":true,"href":"https:\/\/lahora.mx\/index.php\/wp-json\/wp\/v2\/users\/4"}],"replies":[{"embeddable":true,"href":"https:\/\/lahora.mx\/index.php\/wp-json\/wp\/v2\/comments?post=30400"}],"version-history":[{"count":1,"href":"https:\/\/lahora.mx\/index.php\/wp-json\/wp\/v2\/posts\/30400\/revisions"}],"predecessor-version":[{"id":30402,"href":"https:\/\/lahora.mx\/index.php\/wp-json\/wp\/v2\/posts\/30400\/revisions\/30402"}],"wp:featuredmedia":[{"embeddable":true,"href":"https:\/\/lahora.mx\/index.php\/wp-json\/wp\/v2\/media\/30401"}],"wp:attachment":[{"href":"https:\/\/lahora.mx\/index.php\/wp-json\/wp\/v2\/media?parent=30400"}],"wp:term":[{"taxonomy":"category","embeddable":true,"href":"https:\/\/lahora.mx\/index.php\/wp-json\/wp\/v2\/categories?post=30400"},{"taxonomy":"post_tag","embeddable":true,"href":"https:\/\/lahora.mx\/index.php\/wp-json\/wp\/v2\/tags?post=30400"}],"curies":[{"name":"wp","href":"https:\/\/api.w.org\/{rel}","templated":true}]}}